{"id":739,"date":"2010-11-19T16:42:18","date_gmt":"2010-11-19T14:42:18","guid":{"rendered":"http:\/\/www.blogi.pauliforma.fi\/wordpress\/?p=739"},"modified":"2010-11-19T16:49:17","modified_gmt":"2010-11-19T14:49:17","slug":"pimeaa-ja-liukasta","status":"publish","type":"post","link":"https:\/\/www.blogi.pauliforma.fi\/wordpress\/pimeaa-ja-liukasta\/","title":{"rendered":"Pime\u00e4\u00e4 ja liukasta"},"content":{"rendered":"<p><a href=\"http:\/\/www.blogi.pauliforma.fi\/wordpress\/wp-content\/uploads\/2010\/11\/pimeys_web.jpg\"><\/a><\/p>\n<p>Elet\u00e4\u00e4n suunnistajan ylimenokautta (Salmi 2010). Keskiviikkona k\u00e4vin py\u00f6r\u00e4ilem\u00e4ss\u00e4 pime\u00e4ll\u00e4 Backgr\u00e4ndin maastoissa. Ideana oli ottaa kuvia, joissa Mila Zenithin valoteho olisi tullut edustavasti esiin. No eih\u00e4n niit\u00e4 kuvia nyt pokkarikameralla saanut otettua. Enk\u00e4 jaksanut alkaa siell\u00e4 keskell\u00e4 mets\u00e4\u00e4 pikkupakkasessa arpomaan valotusaikojen kanssa.\u00a0<\/p>\n<p><a href=\"http:\/\/www.blogi.pauliforma.fi\/wordpress\/wp-content\/uploads\/2010\/11\/pimeys_web.jpg\"><img loading=\"lazy\" decoding=\"async\" class=\"aligncenter size-full wp-image-742\" title=\"pimeys_web\" src=\"http:\/\/www.blogi.pauliforma.fi\/wordpress\/wp-content\/uploads\/2010\/11\/pimeys_web-e1290175979383.jpg\" alt=\"\" width=\"500\" height=\"375\" \/><\/a><\/p>\n<p style=\"text-align: center;\"><a href=\"http:\/\/www.blogi.pauliforma.fi\/wordpress\/wp-content\/uploads\/2010\/11\/ohjaamo_web.jpg\"><\/a><\/p>\n<p>Eritt\u00e4in hyvin kuitenkin py\u00f6r\u00e4ily sujui pikkupakkasella ja pime\u00e4ss\u00e4. Keskinopeus pikipime\u00e4ll\u00e4 mets\u00e4ss\u00e4 py\u00f6r\u00e4illess\u00e4 on selv\u00e4sti alhaisempi kuin valoisalla. Ei uskalla ajaa niin kovaa. Kerran ihmettelin mik\u00e4 peto siell\u00e4 tulee vastaan silm\u00e4t kiiluen, mutta se olikin vain koira. Yll\u00e4tt\u00e4v\u00e4\u00e4 kyll\u00e4 t\u00e4ll\u00e4 kertaa kytkettyn\u00e4.<\/p>\n<p><a href=\"http:\/\/www.blogi.pauliforma.fi\/wordpress\/wp-content\/uploads\/2010\/11\/ohjaamo_web.jpg\"><img loading=\"lazy\" decoding=\"async\" class=\"aligncenter size-full wp-image-740\" title=\"ohjaamo_web\" src=\"http:\/\/www.blogi.pauliforma.fi\/wordpress\/wp-content\/uploads\/2010\/11\/ohjaamo_web-e1290176186651.jpg\" alt=\"\" width=\"500\" height=\"375\" \/><\/a><\/p>\n<p>Juuri kun aloin taas innostua py\u00f6r\u00e4ilyst\u00e4, torstain vastaisena y\u00f6n\u00e4 satoi lunta ja keli muuttui kylmemm\u00e4ksi. Ei n\u00e4ill\u00e4 keleill\u00e4 oikein ole terveellist\u00e4 py\u00f6r\u00e4ill\u00e4 eik\u00e4 my\u00f6sk\u00e4\u00e4n juosta. Varsinkin kun teemana on jalkavaivojen parantelu ja uusien vammojen v\u00e4ltt\u00e4minen.<\/p>\n<p>No, jos t\u00e4m\u00e4 kelityyppi jatkuu, jotakin on pakko alkaa tekem\u00e4\u00e4n kelist\u00e4 huolimatta. T\u00e4ll\u00f6in pit\u00e4\u00e4 a) ostaa Tunturiin taaksekin nastarengas, b) hommata nastoitetut juoksukeng\u00e4t. T\u00e4llaisten juoksukenkien puuttuminen on selke\u00e4 puute urheiluv\u00e4linevalikoimassa. Viel\u00e4 ei ole selv\u00e4\u00e4, tuleeko hankittavaksi <strong>Icebugin<\/strong> (esim. Hiko Bugrip) vai <strong>Asicsin<\/strong> (esim. Gel Arctic WR Trail) keng\u00e4t.<\/p>\n<p>Parasta olisi tietenkin se, ett\u00e4 kelit k\u00e4\u00e4ntyisiv\u00e4t kunnolla talvisiksi ja voisi aloittaa valmistautumisen Pirkan hiihtoon. T\u00e4n\u00e4 vuonna tulee taitettavaksi koko\u00a090 km matka ja tyylin\u00e4 perinteinen.<\/p>\n<p><a href=\"http:\/\/www.blogi.pauliforma.fi\/wordpress\/wp-content\/uploads\/2010\/11\/slippery_web.jpg\"><img loading=\"lazy\" decoding=\"async\" class=\"aligncenter size-full wp-image-744\" title=\"slippery_web\" src=\"http:\/\/www.blogi.pauliforma.fi\/wordpress\/wp-content\/uploads\/2010\/11\/slippery_web-e1290176245395.jpg\" alt=\"\" width=\"500\" height=\"375\" \/><\/a>T\u00e4n\u00e4 viikonloppuna yrit\u00e4n kirjoittaa vihdoin katsauksen menneeseen suunnistuskauteen. Toinen t\u00e4rke\u00e4 viikonlopun asia on Karjaan Uran j\u00e4rjest\u00e4m\u00e4 retki <strong><a href=\"http:\/\/www.yllas-halli.fi\/Etusivu.aspx\">Yll\u00e4s-Halliin<\/a><\/strong> sunnuntaina. Siell\u00e4 ei varmaankaan itse kovin paljoa p\u00e4\u00e4se kilsojen makuun kun\u00a0on lasten kanssa matkassa.<\/p>\n","protected":false},"excerpt":{"rendered":"<p>Elet\u00e4\u00e4n suunnistajan ylimenokautta (Salmi 2010). Keskiviikkona k\u00e4vin py\u00f6r\u00e4ilem\u00e4ss\u00e4 pime\u00e4ll\u00e4 Backgr\u00e4ndin maastoissa. Ideana oli ottaa kuvia, joissa Mila Zenithin valoteho olisi tullut edustavasti esiin. No eih\u00e4n niit\u00e4 kuvia nyt pokkarikameralla saanut otettua. Enk\u00e4 jaksanut alkaa siell\u00e4 keskell\u00e4 mets\u00e4\u00e4 pikkupakkasessa arpomaan valotusaikojen kanssa.\u00a0 Eritt\u00e4in hyvin kuitenkin py\u00f6r\u00e4ily sujui pikkupakkasella ja pime\u00e4ss\u00e4. Keskinopeus pikipime\u00e4ll\u00e4 mets\u00e4ss\u00e4 py\u00f6r\u00e4illess\u00e4 on selv\u00e4sti &hellip; <\/p>\n<p class=\"link-more\"><a href=\"https:\/\/www.blogi.pauliforma.fi\/wordpress\/pimeaa-ja-liukasta\/\" class=\"more-link\">Continue reading<span class=\"screen-reader-text\"> &#8220;Pime\u00e4\u00e4 ja liukasta&#8221;<\/span><\/a><\/p>\n","protected":false},"author":1,"featured_media":0,"comment_status":"open","ping_status":"open","sticky":false,"template":"","format":"standard","meta":{"_monsterinsights_skip_tracking":false,"_monsterinsights_sitenote_active":false,"_monsterinsights_sitenote_note":"","_monsterinsights_sitenote_category":0,"footnotes":""},"categories":[30,31],"tags":[8,25],"class_list":["post-739","post","type-post","status-publish","format-standard","hentry","category-juoksu-2","category-pyoraily","tag-juoksu","tag-maastopyora"],"yoast_head":"<!-- This site is optimized with the Yoast SEO plugin v27.7 - https:\/\/yoast.com\/product\/yoast-seo-wordpress\/ -->\n<title>Pime\u00e4\u00e4 ja liukasta - Pauli Forman blogi<\/title>\n<meta name=\"robots\" content=\"index, follow, max-snippet:-1, max-image-preview:large, max-video-preview:-1\" \/>\n<link rel=\"canonical\" href=\"https:\/\/www.blogi.pauliforma.fi\/wordpress\/pimeaa-ja-liukasta\/\" \/>\n<meta property=\"og:locale\" content=\"en_US\" \/>\n<meta property=\"og:type\" content=\"article\" \/>\n<meta property=\"og:title\" content=\"Pime\u00e4\u00e4 ja liukasta - Pauli Forman blogi\" \/>\n<meta property=\"og:description\" content=\"Elet\u00e4\u00e4n suunnistajan ylimenokautta (Salmi 2010). Keskiviikkona k\u00e4vin py\u00f6r\u00e4ilem\u00e4ss\u00e4 pime\u00e4ll\u00e4 Backgr\u00e4ndin maastoissa. Ideana oli ottaa kuvia, joissa Mila Zenithin valoteho olisi tullut edustavasti esiin. No eih\u00e4n niit\u00e4 kuvia nyt pokkarikameralla saanut otettua. Enk\u00e4 jaksanut alkaa siell\u00e4 keskell\u00e4 mets\u00e4\u00e4 pikkupakkasessa arpomaan valotusaikojen kanssa.\u00a0 Eritt\u00e4in hyvin kuitenkin py\u00f6r\u00e4ily sujui pikkupakkasella ja pime\u00e4ss\u00e4. Keskinopeus pikipime\u00e4ll\u00e4 mets\u00e4ss\u00e4 py\u00f6r\u00e4illess\u00e4 on selv\u00e4sti &hellip; Continue reading &quot;Pime\u00e4\u00e4 ja liukasta&quot;\" \/>\n<meta property=\"og:url\" content=\"https:\/\/www.blogi.pauliforma.fi\/wordpress\/pimeaa-ja-liukasta\/\" \/>\n<meta property=\"og:site_name\" content=\"Pauli Forman blogi\" \/>\n<meta property=\"article:published_time\" content=\"2010-11-19T14:42:18+00:00\" \/>\n<meta property=\"article:modified_time\" content=\"2010-11-19T14:49:17+00:00\" \/>\n<meta property=\"og:image\" content=\"http:\/\/www.blogi.pauliforma.fi\/wordpress\/wp-content\/uploads\/2010\/11\/pimeys_web-e1290175979383.jpg\" \/>\n<meta name=\"author\" content=\"Pauli\" \/>\n<meta name=\"twitter:card\" content=\"summary_large_image\" \/>\n<meta name=\"twitter:creator\" content=\"@paufor\" \/>\n<meta name=\"twitter:site\" content=\"@paufor\" \/>\n<meta name=\"twitter:label1\" content=\"Written by\" \/>\n\t<meta name=\"twitter:data1\" content=\"Pauli\" \/>\n\t<meta name=\"twitter:label2\" content=\"Est. reading time\" \/>\n\t<meta name=\"twitter:data2\" content=\"1 minute\" \/>\n<script type=\"application\/ld+json\" class=\"yoast-schema-graph\">{\"@context\":\"https:\\\/\\\/schema.org\",\"@graph\":[{\"@type\":\"Article\",\"@id\":\"https:\\\/\\\/www.blogi.pauliforma.fi\\\/wordpress\\\/pimeaa-ja-liukasta\\\/#article\",\"isPartOf\":{\"@id\":\"https:\\\/\\\/www.blogi.pauliforma.fi\\\/wordpress\\\/pimeaa-ja-liukasta\\\/\"},\"author\":{\"name\":\"Pauli\",\"@id\":\"https:\\\/\\\/www.blogi.pauliforma.fi\\\/wordpress\\\/#\\\/schema\\\/person\\\/3a41b7cacf9bee4a5a755660888e98f9\"},\"headline\":\"Pime\u00e4\u00e4 ja liukasta\",\"datePublished\":\"2010-11-19T14:42:18+00:00\",\"dateModified\":\"2010-11-19T14:49:17+00:00\",\"mainEntityOfPage\":{\"@id\":\"https:\\\/\\\/www.blogi.pauliforma.fi\\\/wordpress\\\/pimeaa-ja-liukasta\\\/\"},\"wordCount\":275,\"commentCount\":0,\"image\":{\"@id\":\"https:\\\/\\\/www.blogi.pauliforma.fi\\\/wordpress\\\/pimeaa-ja-liukasta\\\/#primaryimage\"},\"thumbnailUrl\":\"http:\\\/\\\/www.blogi.pauliforma.fi\\\/wordpress\\\/wp-content\\\/uploads\\\/2010\\\/11\\\/pimeys_web-e1290175979383.jpg\",\"keywords\":[\"juoksu\",\"maastopy\u00f6r\u00e4\"],\"articleSection\":[\"Juoksu\",\"Py\u00f6r\u00e4ily\"],\"inLanguage\":\"en\",\"potentialAction\":[{\"@type\":\"CommentAction\",\"name\":\"Comment\",\"target\":[\"https:\\\/\\\/www.blogi.pauliforma.fi\\\/wordpress\\\/pimeaa-ja-liukasta\\\/#respond\"]}]},{\"@type\":\"WebPage\",\"@id\":\"https:\\\/\\\/www.blogi.pauliforma.fi\\\/wordpress\\\/pimeaa-ja-liukasta\\\/\",\"url\":\"https:\\\/\\\/www.blogi.pauliforma.fi\\\/wordpress\\\/pimeaa-ja-liukasta\\\/\",\"name\":\"Pime\u00e4\u00e4 ja liukasta - Pauli Forman blogi\",\"isPartOf\":{\"@id\":\"https:\\\/\\\/www.blogi.pauliforma.fi\\\/wordpress\\\/#website\"},\"primaryImageOfPage\":{\"@id\":\"https:\\\/\\\/www.blogi.pauliforma.fi\\\/wordpress\\\/pimeaa-ja-liukasta\\\/#primaryimage\"},\"image\":{\"@id\":\"https:\\\/\\\/www.blogi.pauliforma.fi\\\/wordpress\\\/pimeaa-ja-liukasta\\\/#primaryimage\"},\"thumbnailUrl\":\"http:\\\/\\\/www.blogi.pauliforma.fi\\\/wordpress\\\/wp-content\\\/uploads\\\/2010\\\/11\\\/pimeys_web-e1290175979383.jpg\",\"datePublished\":\"2010-11-19T14:42:18+00:00\",\"dateModified\":\"2010-11-19T14:49:17+00:00\",\"author\":{\"@id\":\"https:\\\/\\\/www.blogi.pauliforma.fi\\\/wordpress\\\/#\\\/schema\\\/person\\\/3a41b7cacf9bee4a5a755660888e98f9\"},\"breadcrumb\":{\"@id\":\"https:\\\/\\\/www.blogi.pauliforma.fi\\\/wordpress\\\/pimeaa-ja-liukasta\\\/#breadcrumb\"},\"inLanguage\":\"en\",\"potentialAction\":[{\"@type\":\"ReadAction\",\"target\":[\"https:\\\/\\\/www.blogi.pauliforma.fi\\\/wordpress\\\/pimeaa-ja-liukasta\\\/\"]}]},{\"@type\":\"ImageObject\",\"inLanguage\":\"en\",\"@id\":\"https:\\\/\\\/www.blogi.pauliforma.fi\\\/wordpress\\\/pimeaa-ja-liukasta\\\/#primaryimage\",\"url\":\"http:\\\/\\\/www.blogi.pauliforma.fi\\\/wordpress\\\/wp-content\\\/uploads\\\/2010\\\/11\\\/pimeys_web-e1290175979383.jpg\",\"contentUrl\":\"http:\\\/\\\/www.blogi.pauliforma.fi\\\/wordpress\\\/wp-content\\\/uploads\\\/2010\\\/11\\\/pimeys_web-e1290175979383.jpg\"},{\"@type\":\"BreadcrumbList\",\"@id\":\"https:\\\/\\\/www.blogi.pauliforma.fi\\\/wordpress\\\/pimeaa-ja-liukasta\\\/#breadcrumb\",\"itemListElement\":[{\"@type\":\"ListItem\",\"position\":1,\"name\":\"Home\",\"item\":\"https:\\\/\\\/www.blogi.pauliforma.fi\\\/wordpress\\\/\"},{\"@type\":\"ListItem\",\"position\":2,\"name\":\"Pime\u00e4\u00e4 ja liukasta\"}]},{\"@type\":\"WebSite\",\"@id\":\"https:\\\/\\\/www.blogi.pauliforma.fi\\\/wordpress\\\/#website\",\"url\":\"https:\\\/\\\/www.blogi.pauliforma.fi\\\/wordpress\\\/\",\"name\":\"Pauli Forman blogi\",\"description\":\"Kirjoituksia liikuntaharrastuksista\",\"potentialAction\":[{\"@type\":\"SearchAction\",\"target\":{\"@type\":\"EntryPoint\",\"urlTemplate\":\"https:\\\/\\\/www.blogi.pauliforma.fi\\\/wordpress\\\/?s={search_term_string}\"},\"query-input\":{\"@type\":\"PropertyValueSpecification\",\"valueRequired\":true,\"valueName\":\"search_term_string\"}}],\"inLanguage\":\"en\"},{\"@type\":\"Person\",\"@id\":\"https:\\\/\\\/www.blogi.pauliforma.fi\\\/wordpress\\\/#\\\/schema\\\/person\\\/3a41b7cacf9bee4a5a755660888e98f9\",\"name\":\"Pauli\",\"image\":{\"@type\":\"ImageObject\",\"inLanguage\":\"en\",\"@id\":\"https:\\\/\\\/secure.gravatar.com\\\/avatar\\\/a73a17880042594bb4df231270e6a0814ac3e2411e0db5707c24b2d4f8024b43?s=96&d=mm&r=g\",\"url\":\"https:\\\/\\\/secure.gravatar.com\\\/avatar\\\/a73a17880042594bb4df231270e6a0814ac3e2411e0db5707c24b2d4f8024b43?s=96&d=mm&r=g\",\"contentUrl\":\"https:\\\/\\\/secure.gravatar.com\\\/avatar\\\/a73a17880042594bb4df231270e6a0814ac3e2411e0db5707c24b2d4f8024b43?s=96&d=mm&r=g\",\"caption\":\"Pauli\"},\"sameAs\":[\"http:\\\/\\\/www.pauliforma.fi\"],\"url\":\"https:\\\/\\\/www.blogi.pauliforma.fi\\\/wordpress\\\/author\\\/admin\\\/\"}]}<\/script>\n<!-- \/ Yoast SEO plugin. -->","yoast_head_json":{"title":"Pime\u00e4\u00e4 ja liukasta - Pauli Forman blogi","robots":{"index":"index","follow":"follow","max-snippet":"max-snippet:-1","max-image-preview":"max-image-preview:large","max-video-preview":"max-video-preview:-1"},"canonical":"https:\/\/www.blogi.pauliforma.fi\/wordpress\/pimeaa-ja-liukasta\/","og_locale":"en_US","og_type":"article","og_title":"Pime\u00e4\u00e4 ja liukasta - Pauli Forman blogi","og_description":"Elet\u00e4\u00e4n suunnistajan ylimenokautta (Salmi 2010). Keskiviikkona k\u00e4vin py\u00f6r\u00e4ilem\u00e4ss\u00e4 pime\u00e4ll\u00e4 Backgr\u00e4ndin maastoissa. Ideana oli ottaa kuvia, joissa Mila Zenithin valoteho olisi tullut edustavasti esiin. No eih\u00e4n niit\u00e4 kuvia nyt pokkarikameralla saanut otettua. Enk\u00e4 jaksanut alkaa siell\u00e4 keskell\u00e4 mets\u00e4\u00e4 pikkupakkasessa arpomaan valotusaikojen kanssa.\u00a0 Eritt\u00e4in hyvin kuitenkin py\u00f6r\u00e4ily sujui pikkupakkasella ja pime\u00e4ss\u00e4. Keskinopeus pikipime\u00e4ll\u00e4 mets\u00e4ss\u00e4 py\u00f6r\u00e4illess\u00e4 on selv\u00e4sti &hellip; Continue reading \"Pime\u00e4\u00e4 ja liukasta\"","og_url":"https:\/\/www.blogi.pauliforma.fi\/wordpress\/pimeaa-ja-liukasta\/","og_site_name":"Pauli Forman blogi","article_published_time":"2010-11-19T14:42:18+00:00","article_modified_time":"2010-11-19T14:49:17+00:00","og_image":[{"url":"http:\/\/www.blogi.pauliforma.fi\/wordpress\/wp-content\/uploads\/2010\/11\/pimeys_web-e1290175979383.jpg","type":"","width":"","height":""}],"author":"Pauli","twitter_card":"summary_large_image","twitter_creator":"@paufor","twitter_site":"@paufor","twitter_misc":{"Written by":"Pauli","Est. reading time":"1 minute"},"schema":{"@context":"https:\/\/schema.org","@graph":[{"@type":"Article","@id":"https:\/\/www.blogi.pauliforma.fi\/wordpress\/pimeaa-ja-liukasta\/#article","isPartOf":{"@id":"https:\/\/www.blogi.pauliforma.fi\/wordpress\/pimeaa-ja-liukasta\/"},"author":{"name":"Pauli","@id":"https:\/\/www.blogi.pauliforma.fi\/wordpress\/#\/schema\/person\/3a41b7cacf9bee4a5a755660888e98f9"},"headline":"Pime\u00e4\u00e4 ja liukasta","datePublished":"2010-11-19T14:42:18+00:00","dateModified":"2010-11-19T14:49:17+00:00","mainEntityOfPage":{"@id":"https:\/\/www.blogi.pauliforma.fi\/wordpress\/pimeaa-ja-liukasta\/"},"wordCount":275,"commentCount":0,"image":{"@id":"https:\/\/www.blogi.pauliforma.fi\/wordpress\/pimeaa-ja-liukasta\/#primaryimage"},"thumbnailUrl":"http:\/\/www.blogi.pauliforma.fi\/wordpress\/wp-content\/uploads\/2010\/11\/pimeys_web-e1290175979383.jpg","keywords":["juoksu","maastopy\u00f6r\u00e4"],"articleSection":["Juoksu","Py\u00f6r\u00e4ily"],"inLanguage":"en","potentialAction":[{"@type":"CommentAction","name":"Comment","target":["https:\/\/www.blogi.pauliforma.fi\/wordpress\/pimeaa-ja-liukasta\/#respond"]}]},{"@type":"WebPage","@id":"https:\/\/www.blogi.pauliforma.fi\/wordpress\/pimeaa-ja-liukasta\/","url":"https:\/\/www.blogi.pauliforma.fi\/wordpress\/pimeaa-ja-liukasta\/","name":"Pime\u00e4\u00e4 ja liukasta - Pauli Forman blogi","isPartOf":{"@id":"https:\/\/www.blogi.pauliforma.fi\/wordpress\/#website"},"primaryImageOfPage":{"@id":"https:\/\/www.blogi.pauliforma.fi\/wordpress\/pimeaa-ja-liukasta\/#primaryimage"},"image":{"@id":"https:\/\/www.blogi.pauliforma.fi\/wordpress\/pimeaa-ja-liukasta\/#primaryimage"},"thumbnailUrl":"http:\/\/www.blogi.pauliforma.fi\/wordpress\/wp-content\/uploads\/2010\/11\/pimeys_web-e1290175979383.jpg","datePublished":"2010-11-19T14:42:18+00:00","dateModified":"2010-11-19T14:49:17+00:00","author":{"@id":"https:\/\/www.blogi.pauliforma.fi\/wordpress\/#\/schema\/person\/3a41b7cacf9bee4a5a755660888e98f9"},"breadcrumb":{"@id":"https:\/\/www.blogi.pauliforma.fi\/wordpress\/pimeaa-ja-liukasta\/#breadcrumb"},"inLanguage":"en","potentialAction":[{"@type":"ReadAction","target":["https:\/\/www.blogi.pauliforma.fi\/wordpress\/pimeaa-ja-liukasta\/"]}]},{"@type":"ImageObject","inLanguage":"en","@id":"https:\/\/www.blogi.pauliforma.fi\/wordpress\/pimeaa-ja-liukasta\/#primaryimage","url":"http:\/\/www.blogi.pauliforma.fi\/wordpress\/wp-content\/uploads\/2010\/11\/pimeys_web-e1290175979383.jpg","contentUrl":"http:\/\/www.blogi.pauliforma.fi\/wordpress\/wp-content\/uploads\/2010\/11\/pimeys_web-e1290175979383.jpg"},{"@type":"BreadcrumbList","@id":"https:\/\/www.blogi.pauliforma.fi\/wordpress\/pimeaa-ja-liukasta\/#breadcrumb","itemListElement":[{"@type":"ListItem","position":1,"name":"Home","item":"https:\/\/www.blogi.pauliforma.fi\/wordpress\/"},{"@type":"ListItem","position":2,"name":"Pime\u00e4\u00e4 ja liukasta"}]},{"@type":"WebSite","@id":"https:\/\/www.blogi.pauliforma.fi\/wordpress\/#website","url":"https:\/\/www.blogi.pauliforma.fi\/wordpress\/","name":"Pauli Forman blogi","description":"Kirjoituksia liikuntaharrastuksista","potentialAction":[{"@type":"SearchAction","target":{"@type":"EntryPoint","urlTemplate":"https:\/\/www.blogi.pauliforma.fi\/wordpress\/?s={search_term_string}"},"query-input":{"@type":"PropertyValueSpecification","valueRequired":true,"valueName":"search_term_string"}}],"inLanguage":"en"},{"@type":"Person","@id":"https:\/\/www.blogi.pauliforma.fi\/wordpress\/#\/schema\/person\/3a41b7cacf9bee4a5a755660888e98f9","name":"Pauli","image":{"@type":"ImageObject","inLanguage":"en","@id":"https:\/\/secure.gravatar.com\/avatar\/a73a17880042594bb4df231270e6a0814ac3e2411e0db5707c24b2d4f8024b43?s=96&d=mm&r=g","url":"https:\/\/secure.gravatar.com\/avatar\/a73a17880042594bb4df231270e6a0814ac3e2411e0db5707c24b2d4f8024b43?s=96&d=mm&r=g","contentUrl":"https:\/\/secure.gravatar.com\/avatar\/a73a17880042594bb4df231270e6a0814ac3e2411e0db5707c24b2d4f8024b43?s=96&d=mm&r=g","caption":"Pauli"},"sameAs":["http:\/\/www.pauliforma.fi"],"url":"https:\/\/www.blogi.pauliforma.fi\/wordpress\/author\/admin\/"}]}},"_links":{"self":[{"href":"https:\/\/www.blogi.pauliforma.fi\/wordpress\/wp-json\/wp\/v2\/posts\/739","targetHints":{"allow":["GET"]}}],"collection":[{"href":"https:\/\/www.blogi.pauliforma.fi\/wordpress\/wp-json\/wp\/v2\/posts"}],"about":[{"href":"https:\/\/www.blogi.pauliforma.fi\/wordpress\/wp-json\/wp\/v2\/types\/post"}],"author":[{"embeddable":true,"href":"https:\/\/www.blogi.pauliforma.fi\/wordpress\/wp-json\/wp\/v2\/users\/1"}],"replies":[{"embeddable":true,"href":"https:\/\/www.blogi.pauliforma.fi\/wordpress\/wp-json\/wp\/v2\/comments?post=739"}],"version-history":[{"count":15,"href":"https:\/\/www.blogi.pauliforma.fi\/wordpress\/wp-json\/wp\/v2\/posts\/739\/revisions"}],"predecessor-version":[{"id":755,"href":"https:\/\/www.blogi.pauliforma.fi\/wordpress\/wp-json\/wp\/v2\/posts\/739\/revisions\/755"}],"wp:attachment":[{"href":"https:\/\/www.blogi.pauliforma.fi\/wordpress\/wp-json\/wp\/v2\/media?parent=739"}],"wp:term":[{"taxonomy":"category","embeddable":true,"href":"https:\/\/www.blogi.pauliforma.fi\/wordpress\/wp-json\/wp\/v2\/categories?post=739"},{"taxonomy":"post_tag","embeddable":true,"href":"https:\/\/www.blogi.pauliforma.fi\/wordpress\/wp-json\/wp\/v2\/tags?post=739"}],"curies":[{"name":"wp","href":"https:\/\/api.w.org\/{rel}","templated":true}]}}