{"id":697,"date":"2010-11-14T10:38:42","date_gmt":"2010-11-14T08:38:42","guid":{"rendered":"http:\/\/www.blogi.pauliforma.fi\/wordpress\/?p=697"},"modified":"2010-11-14T14:45:25","modified_gmt":"2010-11-14T12:45:25","slug":"dramatiikkaa-pyoralenkilla","status":"publish","type":"post","link":"https:\/\/www.blogi.pauliforma.fi\/wordpress\/dramatiikkaa-pyoralenkilla\/","title":{"rendered":"Dramatiikkaa py\u00f6r\u00e4lenkill\u00e4"},"content":{"rendered":"<p>Eilen l\u00e4hdin v\u00e4h\u00e4n tavallista pidemm\u00e4lle py\u00f6r\u00e4lenkille. Reitti ilmenee allaolevasta kartasta. Keli oli syksyisen kostea, v\u00e4lill\u00e4 v\u00e4h\u00e4n sateli. Tarkoitus oli py\u00f6r\u00e4ill\u00e4 Degersj\u00f6n kautta Antskogiin ja sielt\u00e4 sitten Rahnolan mets\u00e4teille ja Fiskarsin kautta takaisin. Reitti sis\u00e4lsi uusia osuuksia (Rahnola), joita en ole aikaisemmin py\u00f6r\u00e4illyt. Reitin pituus oli yhteens\u00e4 58 km. <\/p>\n<p><iframe width='465' height='548' frameborder='0' src='http:\/\/connect.garmin.com:80\/activity\/embed\/56536475'><\/iframe><\/p>\n<p>Teiden kunto oli vaihteleva, v\u00e4lill\u00e4 oli v\u00e4h\u00e4n liejuista, v\u00e4lill\u00e4 kuivempaa. Minulla oli reppu sel\u00e4ss\u00e4, repussa kahvia, urheilujuomaa, muita ev\u00e4it\u00e4 ja k\u00e4nnykk\u00e4. Olin varsin hyvin varustautunut, tai niin ainakin luulin. <\/p>\n<p><a href=\"http:\/\/www.blogi.pauliforma.fi\/wordpress\/wp-content\/uploads\/2010\/11\/IMG_3685_web.jpg\"><img loading=\"lazy\" decoding=\"async\" src=\"http:\/\/www.blogi.pauliforma.fi\/wordpress\/wp-content\/uploads\/2010\/11\/IMG_3685_web-224x300.jpg\" alt=\"\" title=\"Liejua Antskogin mets\u00e4ss\u00e4\" width=\"224\" height=\"300\" class=\"aligncenter size-medium wp-image-701\" srcset=\"https:\/\/www.blogi.pauliforma.fi\/wordpress\/wp-content\/uploads\/2010\/11\/IMG_3685_web-224x300.jpg 224w, https:\/\/www.blogi.pauliforma.fi\/wordpress\/wp-content\/uploads\/2010\/11\/IMG_3685_web.jpg 734w\" sizes=\"auto, (max-width: 224px) 100vw, 224px\" \/><\/a><\/p>\n<p><a href=\"http:\/\/www.blogi.pauliforma.fi\/wordpress\/wp-content\/uploads\/2010\/11\/IMG_3687_web.jpg\"><img loading=\"lazy\" decoding=\"async\" src=\"http:\/\/www.blogi.pauliforma.fi\/wordpress\/wp-content\/uploads\/2010\/11\/IMG_3687_web-300x224.jpg\" alt=\"\" title=\"Baanaa\" width=\"300\" height=\"224\" class=\"aligncenter size-medium wp-image-714\" srcset=\"https:\/\/www.blogi.pauliforma.fi\/wordpress\/wp-content\/uploads\/2010\/11\/IMG_3687_web-300x224.jpg 300w, https:\/\/www.blogi.pauliforma.fi\/wordpress\/wp-content\/uploads\/2010\/11\/IMG_3687_web.jpg 979w\" sizes=\"auto, (max-width: 300px) 100vw, 300px\" \/><\/a><\/p>\n<p>Kun mittarissa oli 16 kilometri\u00e4 ja aloin l\u00e4hesty\u00e4 Antskogia, takarengas alkoi tuntua tyhj\u00e4lt\u00e4. Pys\u00e4hdyin ja pumppasin sen t\u00e4yteen. P\u00e4\u00e4sin eteenp\u00e4in noin kilometrin ja taas se oli tyhj\u00e4. Piti tunnustaa, ett\u00e4 t\u00e4ll\u00e4 kumilla ei voi jatkaa matkaa. Onneksi k\u00e4nnykk\u00e4 oli mukana ja soitin vaimolle. H\u00e4n sitten k\u00e4vi ostamassa paikallisesta py\u00f6r\u00e4liikkeest\u00e4 uuden sis\u00e4kumin ja kiid\u00e4tti sen muun perheen kanssa Antskogiin. T\u00e4ytyy sanoa, ett\u00e4 aika hyv\u00e4\u00e4 palvelua&#8230; Olisi kyll\u00e4 harmittanut jos matka olisi katkennut.<\/p>\n<p><a href=\"http:\/\/www.blogi.pauliforma.fi\/wordpress\/wp-content\/uploads\/2010\/11\/IMG_3696_web.jpg\"><img loading=\"lazy\" decoding=\"async\" src=\"http:\/\/www.blogi.pauliforma.fi\/wordpress\/wp-content\/uploads\/2010\/11\/IMG_3696_web-300x224.jpg\" alt=\"\" title=\"Tyhj\u00e4 takarengas\" width=\"300\" height=\"224\" class=\"aligncenter size-medium wp-image-700\" srcset=\"https:\/\/www.blogi.pauliforma.fi\/wordpress\/wp-content\/uploads\/2010\/11\/IMG_3696_web-300x224.jpg 300w, https:\/\/www.blogi.pauliforma.fi\/wordpress\/wp-content\/uploads\/2010\/11\/IMG_3696_web.jpg 979w\" sizes=\"auto, (max-width: 300px) 100vw, 300px\" \/><\/a><\/p>\n<p><a href=\"http:\/\/www.blogi.pauliforma.fi\/wordpress\/wp-content\/uploads\/2010\/11\/IMG_3688_web.jpg\"><img loading=\"lazy\" decoding=\"async\" src=\"http:\/\/www.blogi.pauliforma.fi\/wordpress\/wp-content\/uploads\/2010\/11\/IMG_3688_web-300x224.jpg\" alt=\"\" title=\"Tunturi Kayapo\" width=\"300\" height=\"224\" class=\"aligncenter size-medium wp-image-710\" srcset=\"https:\/\/www.blogi.pauliforma.fi\/wordpress\/wp-content\/uploads\/2010\/11\/IMG_3688_web-300x224.jpg 300w, https:\/\/www.blogi.pauliforma.fi\/wordpress\/wp-content\/uploads\/2010\/11\/IMG_3688_web.jpg 979w\" sizes=\"auto, (max-width: 300px) 100vw, 300px\" \/><\/a><\/p>\n<p>Huoltojoukkoja odotellessa join kahvit ja tutustuin <a href=\"http:\/\/www.antskog.fi\/\">Antskogin<\/a> vanhoihin tehdasrakennuksiin. Pieness\u00e4 tihkusateessa sormet kohmeessa vaihdoin renkaan. Ja sitten matka jatkui. <\/p>\n<p><a href=\"http:\/\/www.blogi.pauliforma.fi\/wordpress\/wp-content\/uploads\/2010\/11\/IMG_3705_web.jpg\"><img loading=\"lazy\" decoding=\"async\" src=\"http:\/\/www.blogi.pauliforma.fi\/wordpress\/wp-content\/uploads\/2010\/11\/IMG_3705_web-300x224.jpg\" alt=\"\" title=\"Korjaamolla\" width=\"300\" height=\"224\" class=\"aligncenter size-medium wp-image-711\" srcset=\"https:\/\/www.blogi.pauliforma.fi\/wordpress\/wp-content\/uploads\/2010\/11\/IMG_3705_web-300x224.jpg 300w, https:\/\/www.blogi.pauliforma.fi\/wordpress\/wp-content\/uploads\/2010\/11\/IMG_3705_web.jpg 979w\" sizes=\"auto, (max-width: 300px) 100vw, 300px\" \/><\/a><\/p>\n<p><a href=\"http:\/\/www.blogi.pauliforma.fi\/wordpress\/wp-content\/uploads\/2010\/11\/IMG_3704_web.jpg\"><img loading=\"lazy\" decoding=\"async\" src=\"http:\/\/www.blogi.pauliforma.fi\/wordpress\/wp-content\/uploads\/2010\/11\/IMG_3704_web-300x224.jpg\" alt=\"\" title=\"Antskogia\" width=\"300\" height=\"224\" class=\"aligncenter size-medium wp-image-715\" srcset=\"https:\/\/www.blogi.pauliforma.fi\/wordpress\/wp-content\/uploads\/2010\/11\/IMG_3704_web-300x224.jpg 300w, https:\/\/www.blogi.pauliforma.fi\/wordpress\/wp-content\/uploads\/2010\/11\/IMG_3704_web.jpg 979w\" sizes=\"auto, (max-width: 300px) 100vw, 300px\" \/><\/a><\/p>\n<p>Koska Rahnolan mets\u00e4tieverkosto oli minulle outo, olin varannut mukaan vanhan vuodelta 1989 olevan suunnistuskartan. Kartta oli ajoilta, joilloin S\u00e4\u00e4st\u00f6pankkikin oli viel\u00e4 voimissaan. Ihan hyvin p\u00e4rj\u00e4si noin vanhalla kartalla, tiet olivat entisell\u00e4\u00e4n ja maastostakin sai ihan hyvin kiinni. <\/p>\n<p><a href=\"http:\/\/www.blogi.pauliforma.fi\/wordpress\/wp-content\/uploads\/2010\/11\/IMG_3710_web.jpg\"><img loading=\"lazy\" decoding=\"async\" src=\"http:\/\/www.blogi.pauliforma.fi\/wordpress\/wp-content\/uploads\/2010\/11\/IMG_3710_web-300x224.jpg\" alt=\"\" title=\"Kartanlukua\" width=\"300\" height=\"224\" class=\"aligncenter size-medium wp-image-707\" srcset=\"https:\/\/www.blogi.pauliforma.fi\/wordpress\/wp-content\/uploads\/2010\/11\/IMG_3710_web-300x224.jpg 300w, https:\/\/www.blogi.pauliforma.fi\/wordpress\/wp-content\/uploads\/2010\/11\/IMG_3710_web.jpg 979w\" sizes=\"auto, (max-width: 300px) 100vw, 300px\" \/><\/a><\/p>\n<p>Rahnola osoittautui aivan erinomaisen hienoksi maastoksi. Oli pieni\u00e4 j\u00e4rvi\u00e4 ja lampia ja hienoa vanhaa mets\u00e4\u00e4, korkeuseroja ja jyrk\u00e4nteit\u00e4. My\u00f6s mets\u00e4tiet olivat hyv\u00e4ss\u00e4 kunnossa maastopy\u00f6r\u00e4ll\u00e4 ajeltavaksi. <\/p>\n<p><a href=\"http:\/\/www.blogi.pauliforma.fi\/wordpress\/wp-content\/uploads\/2010\/11\/IMG_3706_web.jpg\"><img loading=\"lazy\" decoding=\"async\" src=\"http:\/\/www.blogi.pauliforma.fi\/wordpress\/wp-content\/uploads\/2010\/11\/IMG_3706_web-300x224.jpg\" alt=\"\" title=\"IMG_3706_web\" width=\"300\" height=\"224\" class=\"aligncenter size-medium wp-image-708\" srcset=\"https:\/\/www.blogi.pauliforma.fi\/wordpress\/wp-content\/uploads\/2010\/11\/IMG_3706_web-300x224.jpg 300w, https:\/\/www.blogi.pauliforma.fi\/wordpress\/wp-content\/uploads\/2010\/11\/IMG_3706_web.jpg 979w\" sizes=\"auto, (max-width: 300px) 100vw, 300px\" \/><\/a><\/p>\n<p>Aikaa lenkill\u00e4 kului 4 h 53 minuuttia, ehk\u00e4 puoli tuntia kului rengasta odotellessa ja sit\u00e4 vaihtaessa. Varsin hyvin jaksoin, vaikka suoritus oli aika pitk\u00e4. Kun tulin kotiin, oli jo pime\u00e4\u00e4 ja ilta oli viilennyt. T\u00e4t\u00e4 kirjoittaessa paikat tuntuvat hivenen j\u00e4ykilt\u00e4, mutta mit\u00e4\u00e4n sen suurempaa kolotusta ei ole. <\/p>\n<p>Se nyt ainakin tuli opittua, ett\u00e4 ilman vararengasta ei ole syyt\u00e4 l\u00e4hte\u00e4 pitk\u00e4lle lenkille. Oli muuten ensimm\u00e4inen rengasrikko lenkill\u00e4, vaikka tuhansia kilometrej\u00e4 olen viime vuosina py\u00f6r\u00e4illyt.<\/p>\n<p><a href=\"http:\/\/www.blogi.pauliforma.fi\/wordpress\/wp-content\/uploads\/2010\/11\/IMG_3695_web.jpg\"><img loading=\"lazy\" decoding=\"async\" src=\"http:\/\/www.blogi.pauliforma.fi\/wordpress\/wp-content\/uploads\/2010\/11\/IMG_3695_web-300x224.jpg\" alt=\"\" title=\"Marathon winteriss\u00e4 on heijastimet\" width=\"300\" height=\"224\" class=\"aligncenter size-medium wp-image-712\" srcset=\"https:\/\/www.blogi.pauliforma.fi\/wordpress\/wp-content\/uploads\/2010\/11\/IMG_3695_web-300x224.jpg 300w, https:\/\/www.blogi.pauliforma.fi\/wordpress\/wp-content\/uploads\/2010\/11\/IMG_3695_web.jpg 979w\" sizes=\"auto, (max-width: 300px) 100vw, 300px\" \/><\/a><\/p>\n<p>T\u00e4llaiset ylipitk\u00e4t harjoitukset sopivat hyvin &#8220;suunnistajan ylimenokaudelle&#8221; (Salmi 2010). Voisi kenties viel\u00e4 toisen samanlaisen py\u00f6r\u00e4lenkin tehd\u00e4 jonakin viikonloppuna t\u00e4ss\u00e4 ennen joulua. Jos kelej\u00e4 piisaa. Toinen idea olisi vaellus. Eli menn\u00e4 k\u00e4velem\u00e4\u00e4n jonnekin hyv\u00e4\u00e4n maastoon vaikka nelj\u00e4ksi tunniksi ev\u00e4iden kanssa. N\u00e4m\u00e4 ovat hyvi\u00e4 viikonloppuharjoituksia.<\/p>\n<p><a href=\"http:\/\/www.blogi.pauliforma.fi\/wordpress\/wp-content\/uploads\/2010\/11\/IMG_3694_web.jpg\"><img loading=\"lazy\" decoding=\"async\" src=\"http:\/\/www.blogi.pauliforma.fi\/wordpress\/wp-content\/uploads\/2010\/11\/IMG_3694_web-300x224.jpg\" alt=\"\" title=\"allekirjoittanut\" width=\"300\" height=\"224\" class=\"aligncenter size-medium wp-image-721\" srcset=\"https:\/\/www.blogi.pauliforma.fi\/wordpress\/wp-content\/uploads\/2010\/11\/IMG_3694_web-300x224.jpg 300w, https:\/\/www.blogi.pauliforma.fi\/wordpress\/wp-content\/uploads\/2010\/11\/IMG_3694_web.jpg 979w\" sizes=\"auto, (max-width: 300px) 100vw, 300px\" \/><\/a><\/p>\n<p>Akillesj\u00e4nne tuntuu aika hyv\u00e4lt\u00e4. Pid\u00e4n viel\u00e4 viikon juoksutaukoa ja katselen sitten tilannetta. Josko vaikka juoksuharjoittelua voisi pit\u00e4\u00e4 hiukan yll\u00e4 niin, ett\u00e4 se tuntuma ei vallan katoaisi.<\/p>\n","protected":false},"excerpt":{"rendered":"<p>Eilen l\u00e4hdin v\u00e4h\u00e4n tavallista pidemm\u00e4lle py\u00f6r\u00e4lenkille. Reitti ilmenee allaolevasta kartasta. Keli oli syksyisen kostea, v\u00e4lill\u00e4 v\u00e4h\u00e4n sateli. Tarkoitus oli py\u00f6r\u00e4ill\u00e4 Degersj\u00f6n kautta Antskogiin ja sielt\u00e4 sitten Rahnolan mets\u00e4teille ja Fiskarsin kautta takaisin. Reitti sis\u00e4lsi uusia osuuksia (Rahnola), joita en ole aikaisemmin py\u00f6r\u00e4illyt. Reitin pituus oli yhteens\u00e4 58 km. Teiden kunto oli vaihteleva, v\u00e4lill\u00e4 oli v\u00e4h\u00e4n &hellip; <\/p>\n<p class=\"link-more\"><a href=\"https:\/\/www.blogi.pauliforma.fi\/wordpress\/dramatiikkaa-pyoralenkilla\/\" class=\"more-link\">Continue reading<span class=\"screen-reader-text\"> &#8220;Dramatiikkaa py\u00f6r\u00e4lenkill\u00e4&#8221;<\/span><\/a><\/p>\n","protected":false},"author":1,"featured_media":0,"comment_status":"open","ping_status":"open","sticky":false,"template":"","format":"standard","meta":{"_monsterinsights_skip_tracking":false,"_monsterinsights_sitenote_active":false,"_monsterinsights_sitenote_note":"","_monsterinsights_sitenote_category":0,"footnotes":""},"categories":[31],"tags":[25],"class_list":["post-697","post","type-post","status-publish","format-standard","hentry","category-pyoraily","tag-maastopyora"],"yoast_head":"<!-- This site is optimized with the Yoast SEO plugin v27.7 - https:\/\/yoast.com\/product\/yoast-seo-wordpress\/ -->\n<title>Dramatiikkaa py\u00f6r\u00e4lenkill\u00e4 - Pauli Forman blogi<\/title>\n<meta name=\"robots\" content=\"index, follow, max-snippet:-1, max-image-preview:large, max-video-preview:-1\" \/>\n<link rel=\"canonical\" href=\"https:\/\/www.blogi.pauliforma.fi\/wordpress\/dramatiikkaa-pyoralenkilla\/\" \/>\n<meta property=\"og:locale\" content=\"en_US\" \/>\n<meta property=\"og:type\" content=\"article\" \/>\n<meta property=\"og:title\" content=\"Dramatiikkaa py\u00f6r\u00e4lenkill\u00e4 - Pauli Forman blogi\" \/>\n<meta property=\"og:description\" content=\"Eilen l\u00e4hdin v\u00e4h\u00e4n tavallista pidemm\u00e4lle py\u00f6r\u00e4lenkille. Reitti ilmenee allaolevasta kartasta. Keli oli syksyisen kostea, v\u00e4lill\u00e4 v\u00e4h\u00e4n sateli. Tarkoitus oli py\u00f6r\u00e4ill\u00e4 Degersj\u00f6n kautta Antskogiin ja sielt\u00e4 sitten Rahnolan mets\u00e4teille ja Fiskarsin kautta takaisin. Reitti sis\u00e4lsi uusia osuuksia (Rahnola), joita en ole aikaisemmin py\u00f6r\u00e4illyt. Reitin pituus oli yhteens\u00e4 58 km. Teiden kunto oli vaihteleva, v\u00e4lill\u00e4 oli v\u00e4h\u00e4n &hellip; Continue reading &quot;Dramatiikkaa py\u00f6r\u00e4lenkill\u00e4&quot;\" \/>\n<meta property=\"og:url\" content=\"https:\/\/www.blogi.pauliforma.fi\/wordpress\/dramatiikkaa-pyoralenkilla\/\" \/>\n<meta property=\"og:site_name\" content=\"Pauli Forman blogi\" \/>\n<meta property=\"article:published_time\" content=\"2010-11-14T08:38:42+00:00\" \/>\n<meta property=\"article:modified_time\" content=\"2010-11-14T12:45:25+00:00\" \/>\n<meta property=\"og:image\" content=\"http:\/\/www.blogi.pauliforma.fi\/wordpress\/wp-content\/uploads\/2010\/11\/IMG_3685_web-224x300.jpg\" \/>\n<meta name=\"author\" content=\"Pauli\" \/>\n<meta name=\"twitter:card\" content=\"summary_large_image\" \/>\n<meta name=\"twitter:creator\" content=\"@paufor\" \/>\n<meta name=\"twitter:site\" content=\"@paufor\" \/>\n<meta name=\"twitter:label1\" content=\"Written by\" \/>\n\t<meta name=\"twitter:data1\" content=\"Pauli\" \/>\n\t<meta name=\"twitter:label2\" content=\"Est. reading time\" \/>\n\t<meta name=\"twitter:data2\" content=\"2 minutes\" \/>\n<script type=\"application\/ld+json\" class=\"yoast-schema-graph\">{\"@context\":\"https:\\\/\\\/schema.org\",\"@graph\":[{\"@type\":\"Article\",\"@id\":\"https:\\\/\\\/www.blogi.pauliforma.fi\\\/wordpress\\\/dramatiikkaa-pyoralenkilla\\\/#article\",\"isPartOf\":{\"@id\":\"https:\\\/\\\/www.blogi.pauliforma.fi\\\/wordpress\\\/dramatiikkaa-pyoralenkilla\\\/\"},\"author\":{\"name\":\"Pauli\",\"@id\":\"https:\\\/\\\/www.blogi.pauliforma.fi\\\/wordpress\\\/#\\\/schema\\\/person\\\/3a41b7cacf9bee4a5a755660888e98f9\"},\"headline\":\"Dramatiikkaa py\u00f6r\u00e4lenkill\u00e4\",\"datePublished\":\"2010-11-14T08:38:42+00:00\",\"dateModified\":\"2010-11-14T12:45:25+00:00\",\"mainEntityOfPage\":{\"@id\":\"https:\\\/\\\/www.blogi.pauliforma.fi\\\/wordpress\\\/dramatiikkaa-pyoralenkilla\\\/\"},\"wordCount\":442,\"commentCount\":0,\"image\":{\"@id\":\"https:\\\/\\\/www.blogi.pauliforma.fi\\\/wordpress\\\/dramatiikkaa-pyoralenkilla\\\/#primaryimage\"},\"thumbnailUrl\":\"http:\\\/\\\/www.blogi.pauliforma.fi\\\/wordpress\\\/wp-content\\\/uploads\\\/2010\\\/11\\\/IMG_3685_web-224x300.jpg\",\"keywords\":[\"maastopy\u00f6r\u00e4\"],\"articleSection\":[\"Py\u00f6r\u00e4ily\"],\"inLanguage\":\"en\",\"potentialAction\":[{\"@type\":\"CommentAction\",\"name\":\"Comment\",\"target\":[\"https:\\\/\\\/www.blogi.pauliforma.fi\\\/wordpress\\\/dramatiikkaa-pyoralenkilla\\\/#respond\"]}]},{\"@type\":\"WebPage\",\"@id\":\"https:\\\/\\\/www.blogi.pauliforma.fi\\\/wordpress\\\/dramatiikkaa-pyoralenkilla\\\/\",\"url\":\"https:\\\/\\\/www.blogi.pauliforma.fi\\\/wordpress\\\/dramatiikkaa-pyoralenkilla\\\/\",\"name\":\"Dramatiikkaa py\u00f6r\u00e4lenkill\u00e4 - Pauli Forman blogi\",\"isPartOf\":{\"@id\":\"https:\\\/\\\/www.blogi.pauliforma.fi\\\/wordpress\\\/#website\"},\"primaryImageOfPage\":{\"@id\":\"https:\\\/\\\/www.blogi.pauliforma.fi\\\/wordpress\\\/dramatiikkaa-pyoralenkilla\\\/#primaryimage\"},\"image\":{\"@id\":\"https:\\\/\\\/www.blogi.pauliforma.fi\\\/wordpress\\\/dramatiikkaa-pyoralenkilla\\\/#primaryimage\"},\"thumbnailUrl\":\"http:\\\/\\\/www.blogi.pauliforma.fi\\\/wordpress\\\/wp-content\\\/uploads\\\/2010\\\/11\\\/IMG_3685_web-224x300.jpg\",\"datePublished\":\"2010-11-14T08:38:42+00:00\",\"dateModified\":\"2010-11-14T12:45:25+00:00\",\"author\":{\"@id\":\"https:\\\/\\\/www.blogi.pauliforma.fi\\\/wordpress\\\/#\\\/schema\\\/person\\\/3a41b7cacf9bee4a5a755660888e98f9\"},\"breadcrumb\":{\"@id\":\"https:\\\/\\\/www.blogi.pauliforma.fi\\\/wordpress\\\/dramatiikkaa-pyoralenkilla\\\/#breadcrumb\"},\"inLanguage\":\"en\",\"potentialAction\":[{\"@type\":\"ReadAction\",\"target\":[\"https:\\\/\\\/www.blogi.pauliforma.fi\\\/wordpress\\\/dramatiikkaa-pyoralenkilla\\\/\"]}]},{\"@type\":\"ImageObject\",\"inLanguage\":\"en\",\"@id\":\"https:\\\/\\\/www.blogi.pauliforma.fi\\\/wordpress\\\/dramatiikkaa-pyoralenkilla\\\/#primaryimage\",\"url\":\"http:\\\/\\\/www.blogi.pauliforma.fi\\\/wordpress\\\/wp-content\\\/uploads\\\/2010\\\/11\\\/IMG_3685_web-224x300.jpg\",\"contentUrl\":\"http:\\\/\\\/www.blogi.pauliforma.fi\\\/wordpress\\\/wp-content\\\/uploads\\\/2010\\\/11\\\/IMG_3685_web-224x300.jpg\"},{\"@type\":\"BreadcrumbList\",\"@id\":\"https:\\\/\\\/www.blogi.pauliforma.fi\\\/wordpress\\\/dramatiikkaa-pyoralenkilla\\\/#breadcrumb\",\"itemListElement\":[{\"@type\":\"ListItem\",\"position\":1,\"name\":\"Home\",\"item\":\"https:\\\/\\\/www.blogi.pauliforma.fi\\\/wordpress\\\/\"},{\"@type\":\"ListItem\",\"position\":2,\"name\":\"Dramatiikkaa py\u00f6r\u00e4lenkill\u00e4\"}]},{\"@type\":\"WebSite\",\"@id\":\"https:\\\/\\\/www.blogi.pauliforma.fi\\\/wordpress\\\/#website\",\"url\":\"https:\\\/\\\/www.blogi.pauliforma.fi\\\/wordpress\\\/\",\"name\":\"Pauli Forman blogi\",\"description\":\"Kirjoituksia liikuntaharrastuksista\",\"potentialAction\":[{\"@type\":\"SearchAction\",\"target\":{\"@type\":\"EntryPoint\",\"urlTemplate\":\"https:\\\/\\\/www.blogi.pauliforma.fi\\\/wordpress\\\/?s={search_term_string}\"},\"query-input\":{\"@type\":\"PropertyValueSpecification\",\"valueRequired\":true,\"valueName\":\"search_term_string\"}}],\"inLanguage\":\"en\"},{\"@type\":\"Person\",\"@id\":\"https:\\\/\\\/www.blogi.pauliforma.fi\\\/wordpress\\\/#\\\/schema\\\/person\\\/3a41b7cacf9bee4a5a755660888e98f9\",\"name\":\"Pauli\",\"image\":{\"@type\":\"ImageObject\",\"inLanguage\":\"en\",\"@id\":\"https:\\\/\\\/secure.gravatar.com\\\/avatar\\\/a73a17880042594bb4df231270e6a0814ac3e2411e0db5707c24b2d4f8024b43?s=96&d=mm&r=g\",\"url\":\"https:\\\/\\\/secure.gravatar.com\\\/avatar\\\/a73a17880042594bb4df231270e6a0814ac3e2411e0db5707c24b2d4f8024b43?s=96&d=mm&r=g\",\"contentUrl\":\"https:\\\/\\\/secure.gravatar.com\\\/avatar\\\/a73a17880042594bb4df231270e6a0814ac3e2411e0db5707c24b2d4f8024b43?s=96&d=mm&r=g\",\"caption\":\"Pauli\"},\"sameAs\":[\"http:\\\/\\\/www.pauliforma.fi\"],\"url\":\"https:\\\/\\\/www.blogi.pauliforma.fi\\\/wordpress\\\/author\\\/admin\\\/\"}]}<\/script>\n<!-- \/ Yoast SEO plugin. -->","yoast_head_json":{"title":"Dramatiikkaa py\u00f6r\u00e4lenkill\u00e4 - Pauli Forman blogi","robots":{"index":"index","follow":"follow","max-snippet":"max-snippet:-1","max-image-preview":"max-image-preview:large","max-video-preview":"max-video-preview:-1"},"canonical":"https:\/\/www.blogi.pauliforma.fi\/wordpress\/dramatiikkaa-pyoralenkilla\/","og_locale":"en_US","og_type":"article","og_title":"Dramatiikkaa py\u00f6r\u00e4lenkill\u00e4 - Pauli Forman blogi","og_description":"Eilen l\u00e4hdin v\u00e4h\u00e4n tavallista pidemm\u00e4lle py\u00f6r\u00e4lenkille. Reitti ilmenee allaolevasta kartasta. Keli oli syksyisen kostea, v\u00e4lill\u00e4 v\u00e4h\u00e4n sateli. Tarkoitus oli py\u00f6r\u00e4ill\u00e4 Degersj\u00f6n kautta Antskogiin ja sielt\u00e4 sitten Rahnolan mets\u00e4teille ja Fiskarsin kautta takaisin. Reitti sis\u00e4lsi uusia osuuksia (Rahnola), joita en ole aikaisemmin py\u00f6r\u00e4illyt. Reitin pituus oli yhteens\u00e4 58 km. Teiden kunto oli vaihteleva, v\u00e4lill\u00e4 oli v\u00e4h\u00e4n &hellip; Continue reading \"Dramatiikkaa py\u00f6r\u00e4lenkill\u00e4\"","og_url":"https:\/\/www.blogi.pauliforma.fi\/wordpress\/dramatiikkaa-pyoralenkilla\/","og_site_name":"Pauli Forman blogi","article_published_time":"2010-11-14T08:38:42+00:00","article_modified_time":"2010-11-14T12:45:25+00:00","og_image":[{"url":"http:\/\/www.blogi.pauliforma.fi\/wordpress\/wp-content\/uploads\/2010\/11\/IMG_3685_web-224x300.jpg","type":"","width":"","height":""}],"author":"Pauli","twitter_card":"summary_large_image","twitter_creator":"@paufor","twitter_site":"@paufor","twitter_misc":{"Written by":"Pauli","Est. reading time":"2 minutes"},"schema":{"@context":"https:\/\/schema.org","@graph":[{"@type":"Article","@id":"https:\/\/www.blogi.pauliforma.fi\/wordpress\/dramatiikkaa-pyoralenkilla\/#article","isPartOf":{"@id":"https:\/\/www.blogi.pauliforma.fi\/wordpress\/dramatiikkaa-pyoralenkilla\/"},"author":{"name":"Pauli","@id":"https:\/\/www.blogi.pauliforma.fi\/wordpress\/#\/schema\/person\/3a41b7cacf9bee4a5a755660888e98f9"},"headline":"Dramatiikkaa py\u00f6r\u00e4lenkill\u00e4","datePublished":"2010-11-14T08:38:42+00:00","dateModified":"2010-11-14T12:45:25+00:00","mainEntityOfPage":{"@id":"https:\/\/www.blogi.pauliforma.fi\/wordpress\/dramatiikkaa-pyoralenkilla\/"},"wordCount":442,"commentCount":0,"image":{"@id":"https:\/\/www.blogi.pauliforma.fi\/wordpress\/dramatiikkaa-pyoralenkilla\/#primaryimage"},"thumbnailUrl":"http:\/\/www.blogi.pauliforma.fi\/wordpress\/wp-content\/uploads\/2010\/11\/IMG_3685_web-224x300.jpg","keywords":["maastopy\u00f6r\u00e4"],"articleSection":["Py\u00f6r\u00e4ily"],"inLanguage":"en","potentialAction":[{"@type":"CommentAction","name":"Comment","target":["https:\/\/www.blogi.pauliforma.fi\/wordpress\/dramatiikkaa-pyoralenkilla\/#respond"]}]},{"@type":"WebPage","@id":"https:\/\/www.blogi.pauliforma.fi\/wordpress\/dramatiikkaa-pyoralenkilla\/","url":"https:\/\/www.blogi.pauliforma.fi\/wordpress\/dramatiikkaa-pyoralenkilla\/","name":"Dramatiikkaa py\u00f6r\u00e4lenkill\u00e4 - Pauli Forman blogi","isPartOf":{"@id":"https:\/\/www.blogi.pauliforma.fi\/wordpress\/#website"},"primaryImageOfPage":{"@id":"https:\/\/www.blogi.pauliforma.fi\/wordpress\/dramatiikkaa-pyoralenkilla\/#primaryimage"},"image":{"@id":"https:\/\/www.blogi.pauliforma.fi\/wordpress\/dramatiikkaa-pyoralenkilla\/#primaryimage"},"thumbnailUrl":"http:\/\/www.blogi.pauliforma.fi\/wordpress\/wp-content\/uploads\/2010\/11\/IMG_3685_web-224x300.jpg","datePublished":"2010-11-14T08:38:42+00:00","dateModified":"2010-11-14T12:45:25+00:00","author":{"@id":"https:\/\/www.blogi.pauliforma.fi\/wordpress\/#\/schema\/person\/3a41b7cacf9bee4a5a755660888e98f9"},"breadcrumb":{"@id":"https:\/\/www.blogi.pauliforma.fi\/wordpress\/dramatiikkaa-pyoralenkilla\/#breadcrumb"},"inLanguage":"en","potentialAction":[{"@type":"ReadAction","target":["https:\/\/www.blogi.pauliforma.fi\/wordpress\/dramatiikkaa-pyoralenkilla\/"]}]},{"@type":"ImageObject","inLanguage":"en","@id":"https:\/\/www.blogi.pauliforma.fi\/wordpress\/dramatiikkaa-pyoralenkilla\/#primaryimage","url":"http:\/\/www.blogi.pauliforma.fi\/wordpress\/wp-content\/uploads\/2010\/11\/IMG_3685_web-224x300.jpg","contentUrl":"http:\/\/www.blogi.pauliforma.fi\/wordpress\/wp-content\/uploads\/2010\/11\/IMG_3685_web-224x300.jpg"},{"@type":"BreadcrumbList","@id":"https:\/\/www.blogi.pauliforma.fi\/wordpress\/dramatiikkaa-pyoralenkilla\/#breadcrumb","itemListElement":[{"@type":"ListItem","position":1,"name":"Home","item":"https:\/\/www.blogi.pauliforma.fi\/wordpress\/"},{"@type":"ListItem","position":2,"name":"Dramatiikkaa py\u00f6r\u00e4lenkill\u00e4"}]},{"@type":"WebSite","@id":"https:\/\/www.blogi.pauliforma.fi\/wordpress\/#website","url":"https:\/\/www.blogi.pauliforma.fi\/wordpress\/","name":"Pauli Forman blogi","description":"Kirjoituksia liikuntaharrastuksista","potentialAction":[{"@type":"SearchAction","target":{"@type":"EntryPoint","urlTemplate":"https:\/\/www.blogi.pauliforma.fi\/wordpress\/?s={search_term_string}"},"query-input":{"@type":"PropertyValueSpecification","valueRequired":true,"valueName":"search_term_string"}}],"inLanguage":"en"},{"@type":"Person","@id":"https:\/\/www.blogi.pauliforma.fi\/wordpress\/#\/schema\/person\/3a41b7cacf9bee4a5a755660888e98f9","name":"Pauli","image":{"@type":"ImageObject","inLanguage":"en","@id":"https:\/\/secure.gravatar.com\/avatar\/a73a17880042594bb4df231270e6a0814ac3e2411e0db5707c24b2d4f8024b43?s=96&d=mm&r=g","url":"https:\/\/secure.gravatar.com\/avatar\/a73a17880042594bb4df231270e6a0814ac3e2411e0db5707c24b2d4f8024b43?s=96&d=mm&r=g","contentUrl":"https:\/\/secure.gravatar.com\/avatar\/a73a17880042594bb4df231270e6a0814ac3e2411e0db5707c24b2d4f8024b43?s=96&d=mm&r=g","caption":"Pauli"},"sameAs":["http:\/\/www.pauliforma.fi"],"url":"https:\/\/www.blogi.pauliforma.fi\/wordpress\/author\/admin\/"}]}},"_links":{"self":[{"href":"https:\/\/www.blogi.pauliforma.fi\/wordpress\/wp-json\/wp\/v2\/posts\/697","targetHints":{"allow":["GET"]}}],"collection":[{"href":"https:\/\/www.blogi.pauliforma.fi\/wordpress\/wp-json\/wp\/v2\/posts"}],"about":[{"href":"https:\/\/www.blogi.pauliforma.fi\/wordpress\/wp-json\/wp\/v2\/types\/post"}],"author":[{"embeddable":true,"href":"https:\/\/www.blogi.pauliforma.fi\/wordpress\/wp-json\/wp\/v2\/users\/1"}],"replies":[{"embeddable":true,"href":"https:\/\/www.blogi.pauliforma.fi\/wordpress\/wp-json\/wp\/v2\/comments?post=697"}],"version-history":[{"count":17,"href":"https:\/\/www.blogi.pauliforma.fi\/wordpress\/wp-json\/wp\/v2\/posts\/697\/revisions"}],"predecessor-version":[{"id":725,"href":"https:\/\/www.blogi.pauliforma.fi\/wordpress\/wp-json\/wp\/v2\/posts\/697\/revisions\/725"}],"wp:attachment":[{"href":"https:\/\/www.blogi.pauliforma.fi\/wordpress\/wp-json\/wp\/v2\/media?parent=697"}],"wp:term":[{"taxonomy":"category","embeddable":true,"href":"https:\/\/www.blogi.pauliforma.fi\/wordpress\/wp-json\/wp\/v2\/categories?post=697"},{"taxonomy":"post_tag","embeddable":true,"href":"https:\/\/www.blogi.pauliforma.fi\/wordpress\/wp-json\/wp\/v2\/tags?post=697"}],"curies":[{"name":"wp","href":"https:\/\/api.w.org\/{rel}","templated":true}]}}