{"id":400,"date":"2010-10-06T18:38:02","date_gmt":"2010-10-06T15:38:02","guid":{"rendered":"http:\/\/www.blogi.pauliforma.fi\/wordpress\/?p=400"},"modified":"2010-10-21T21:45:36","modified_gmt":"2010-10-21T18:45:36","slug":"vakinaista-pyorailya","status":"publish","type":"post","link":"https:\/\/www.blogi.pauliforma.fi\/wordpress\/vakinaista-pyorailya\/","title":{"rendered":"V\u00e4kin\u00e4ist\u00e4 py\u00f6r\u00e4ily\u00e4"},"content":{"rendered":"<p>Koska akilles v\u00e4h\u00e4n oireilee, p\u00e4\u00e4tin eilen k\u00e4yd\u00e4 py\u00f6r\u00e4ilem\u00e4ss\u00e4 pitk\u00e4st\u00e4 aikaa. Lenkkin\u00e4 peruslenkki G\u00f6len ymp\u00e4ri, vaivaiset 17 km siis. Ei tuollaisista lenkeist\u00e4 ole muuta hy\u00f6ty\u00e4 kuin raittiissa ilmassa oleminen, mutta on se jonkinlaista liikuntaa. <\/p>\n<p><a href=\"http:\/\/www.blogi.pauliforma.fi\/wordpress\/wp-content\/uploads\/2010\/10\/kayapo_net1.jpg\"><img loading=\"lazy\" decoding=\"async\" src=\"http:\/\/www.blogi.pauliforma.fi\/wordpress\/wp-content\/uploads\/2010\/10\/kayapo_net1-300x225.jpg\" alt=\"\" title=\"kayapo_net\" width=\"300\" height=\"225\" class=\"aligncenter size-medium wp-image-402\" srcset=\"https:\/\/www.blogi.pauliforma.fi\/wordpress\/wp-content\/uploads\/2010\/10\/kayapo_net1-300x225.jpg 300w, https:\/\/www.blogi.pauliforma.fi\/wordpress\/wp-content\/uploads\/2010\/10\/kayapo_net1.jpg 653w\" sizes=\"auto, (max-width: 300px) 100vw, 300px\" \/><\/a><\/p>\n<p>Kannattaa muuten huomioida kuvassa pumpun kiinnitysmekanismi. Oli pakko ottaa h\u00e4t\u00e4isesti pumppu mukaan kun takarengas n\u00e4ytti melko tyhj\u00e4lt\u00e4. <\/p>\n<p>Ei ollut kovinkaan hyv\u00e4 ulkoilukokemus. Lihakset olivat unohtaneet kokonaan t\u00e4m\u00e4n urheilulajin, v\u00e4kin\u00e4isesti kelasin pakollisen lenkin. Oli kylm\u00e4kin ja py\u00f6r\u00e4 kitisi. Viel\u00e4 uimarannan kohdalla iso koira oli vapaana ja juoksenteli py\u00f6r\u00e4n ymp\u00e4rill\u00e4 louskuttamassa. Taas sama kuvio, koiran omistaja sanoi &#8220;etteisemit\u00e4\u00e4ntee&#8221;. <\/p>\n<p>Py\u00f6r\u00e4ilyjalkineet:<\/p>\n<p><a href=\"http:\/\/www.blogi.pauliforma.fi\/wordpress\/wp-content\/uploads\/2010\/10\/kengat_net.jpg\"><img loading=\"lazy\" decoding=\"async\" src=\"http:\/\/www.blogi.pauliforma.fi\/wordpress\/wp-content\/uploads\/2010\/10\/kengat_net-225x300.jpg\" alt=\"\" title=\"kengat_net\" width=\"225\" height=\"300\" class=\"aligncenter size-medium wp-image-406\" srcset=\"https:\/\/www.blogi.pauliforma.fi\/wordpress\/wp-content\/uploads\/2010\/10\/kengat_net-225x300.jpg 225w, https:\/\/www.blogi.pauliforma.fi\/wordpress\/wp-content\/uploads\/2010\/10\/kengat_net.jpg 490w\" sizes=\"auto, (max-width: 225px) 100vw, 225px\" \/><\/a><\/p>\n<p>Hydraulinen etujarru:<\/p>\n<p><a href=\"http:\/\/www.blogi.pauliforma.fi\/wordpress\/wp-content\/uploads\/2010\/10\/jarru_net.jpg\"><img loading=\"lazy\" decoding=\"async\" src=\"http:\/\/www.blogi.pauliforma.fi\/wordpress\/wp-content\/uploads\/2010\/10\/jarru_net-225x300.jpg\" alt=\"\" title=\"jarru_net\" width=\"225\" height=\"300\" class=\"aligncenter size-medium wp-image-407\" srcset=\"https:\/\/www.blogi.pauliforma.fi\/wordpress\/wp-content\/uploads\/2010\/10\/jarru_net-225x300.jpg 225w, https:\/\/www.blogi.pauliforma.fi\/wordpress\/wp-content\/uploads\/2010\/10\/jarru_net.jpg 490w\" sizes=\"auto, (max-width: 225px) 100vw, 225px\" \/><\/a><\/p>\n<p>Vaivoista huolimatta huomenna edess\u00e4 toinen nykyisist\u00e4 suosikkiharjoituksista, eli vedot 4-5 x 5 min parin minuutin palautuksella. Se toinen suosikki on tietty viikonlopun pitk\u00e4 lenkki. Viikonloppuna viel\u00e4 aion menn\u00e4 suunnistamaan (tosin ilman rasteja) SM-kisamaastoon eli L\u00e5ngsj\u00f6n kartalle. Olin siell\u00e4 jo nuorimman pojan kanssa maanantaina E-radalla hakemassa tuntumaa.<\/p>\n<p>Ajatelin v\u00e4h\u00e4n muuttaa loppukauden kilpailukalenteria. <a href=\"http:\/\/www.rasti88.fi\/index.php\">Rastijahti<\/a> olisi ihan kiinnostava kilpailuformaatti mutta turha on ajaa 200 km jotta p\u00e4\u00e4see mets\u00e4\u00e4n pummailemaan. Saman voi tehd\u00e4 l\u00e4hemp\u00e4n\u00e4kin, eli <a href=\"http:\/\/www.espoonakilles.fi\/er.php\">Espoorasteilla<\/a> samana p\u00e4iv\u00e4n\u00e4. Sitten onkin Halikkoviesti. Vihoviimeisen\u00e4 tapahtumana suunnistuskauden osalta on alkanut kiinnostaa <a href=\"http:\/\/svorienteering.fi\/fi\/raatojuoksu-paeaesivu\">Raatojuoksu<\/a>.  Raatojuoksun j\u00e4lkeen on sitten aika laittaa nastarit naulaan t\u00e4lt\u00e4 kaudelta. Poislukien ne OK Raseborgin y\u00f6harkat jos sellaisia on.<\/p>\n<p>Tosiaan olen tilannut sen otsalampun (Ruotsista). Kauan kest\u00e4\u00e4 lampun tulo. Kolmatta viikkoa jo menn\u00e4\u00e4n. No, se on k\u00e4sin valmistettu ruotsalainen tuote, ehk\u00e4 valmistuslinjalla on ruuhkaa n\u00e4in pime\u00e4n kauden aluksi.<\/p>\n","protected":false},"excerpt":{"rendered":"<p>Koska akilles v\u00e4h\u00e4n oireilee, p\u00e4\u00e4tin eilen k\u00e4yd\u00e4 py\u00f6r\u00e4ilem\u00e4ss\u00e4 pitk\u00e4st\u00e4 aikaa. Lenkkin\u00e4 peruslenkki G\u00f6len ymp\u00e4ri, vaivaiset 17 km siis. Ei tuollaisista lenkeist\u00e4 ole muuta hy\u00f6ty\u00e4 kuin raittiissa ilmassa oleminen, mutta on se jonkinlaista liikuntaa. Kannattaa muuten huomioida kuvassa pumpun kiinnitysmekanismi. Oli pakko ottaa h\u00e4t\u00e4isesti pumppu mukaan kun takarengas n\u00e4ytti melko tyhj\u00e4lt\u00e4. Ei ollut kovinkaan hyv\u00e4 ulkoilukokemus. &hellip; <\/p>\n<p class=\"link-more\"><a href=\"https:\/\/www.blogi.pauliforma.fi\/wordpress\/vakinaista-pyorailya\/\" class=\"more-link\">Continue reading<span class=\"screen-reader-text\"> &#8220;V\u00e4kin\u00e4ist\u00e4 py\u00f6r\u00e4ily\u00e4&#8221;<\/span><\/a><\/p>\n","protected":false},"author":1,"featured_media":0,"comment_status":"open","ping_status":"open","sticky":false,"template":"","format":"standard","meta":{"_monsterinsights_skip_tracking":false,"_monsterinsights_sitenote_active":false,"_monsterinsights_sitenote_note":"","_monsterinsights_sitenote_category":0,"footnotes":""},"categories":[31,1],"tags":[25,7,26],"class_list":["post-400","post","type-post","status-publish","format-standard","hentry","category-pyoraily","category-uncategorized","tag-maastopyora","tag-suunnistus","tag-urheiluvammat"],"yoast_head":"<!-- This site is optimized with the Yoast SEO plugin v27.7 - https:\/\/yoast.com\/product\/yoast-seo-wordpress\/ -->\n<title>V\u00e4kin\u00e4ist\u00e4 py\u00f6r\u00e4ily\u00e4 - Pauli Forman blogi<\/title>\n<meta name=\"robots\" content=\"index, follow, max-snippet:-1, max-image-preview:large, max-video-preview:-1\" \/>\n<link rel=\"canonical\" href=\"https:\/\/www.blogi.pauliforma.fi\/wordpress\/vakinaista-pyorailya\/\" \/>\n<meta property=\"og:locale\" content=\"en_US\" \/>\n<meta property=\"og:type\" content=\"article\" \/>\n<meta property=\"og:title\" content=\"V\u00e4kin\u00e4ist\u00e4 py\u00f6r\u00e4ily\u00e4 - Pauli Forman blogi\" \/>\n<meta property=\"og:description\" content=\"Koska akilles v\u00e4h\u00e4n oireilee, p\u00e4\u00e4tin eilen k\u00e4yd\u00e4 py\u00f6r\u00e4ilem\u00e4ss\u00e4 pitk\u00e4st\u00e4 aikaa. Lenkkin\u00e4 peruslenkki G\u00f6len ymp\u00e4ri, vaivaiset 17 km siis. Ei tuollaisista lenkeist\u00e4 ole muuta hy\u00f6ty\u00e4 kuin raittiissa ilmassa oleminen, mutta on se jonkinlaista liikuntaa. Kannattaa muuten huomioida kuvassa pumpun kiinnitysmekanismi. Oli pakko ottaa h\u00e4t\u00e4isesti pumppu mukaan kun takarengas n\u00e4ytti melko tyhj\u00e4lt\u00e4. Ei ollut kovinkaan hyv\u00e4 ulkoilukokemus. &hellip; Continue reading &quot;V\u00e4kin\u00e4ist\u00e4 py\u00f6r\u00e4ily\u00e4&quot;\" \/>\n<meta property=\"og:url\" content=\"https:\/\/www.blogi.pauliforma.fi\/wordpress\/vakinaista-pyorailya\/\" \/>\n<meta property=\"og:site_name\" content=\"Pauli Forman blogi\" \/>\n<meta property=\"article:published_time\" content=\"2010-10-06T15:38:02+00:00\" \/>\n<meta property=\"article:modified_time\" content=\"2010-10-21T18:45:36+00:00\" \/>\n<meta property=\"og:image\" content=\"http:\/\/www.blogi.pauliforma.fi\/wordpress\/wp-content\/uploads\/2010\/10\/kayapo_net1-300x225.jpg\" \/>\n<meta name=\"author\" content=\"Pauli\" \/>\n<meta name=\"twitter:card\" content=\"summary_large_image\" \/>\n<meta name=\"twitter:creator\" content=\"@paufor\" \/>\n<meta name=\"twitter:site\" content=\"@paufor\" \/>\n<meta name=\"twitter:label1\" content=\"Written by\" \/>\n\t<meta name=\"twitter:data1\" content=\"Pauli\" \/>\n\t<meta name=\"twitter:label2\" content=\"Est. reading time\" \/>\n\t<meta name=\"twitter:data2\" content=\"1 minute\" \/>\n<script type=\"application\/ld+json\" class=\"yoast-schema-graph\">{\"@context\":\"https:\\\/\\\/schema.org\",\"@graph\":[{\"@type\":\"Article\",\"@id\":\"https:\\\/\\\/www.blogi.pauliforma.fi\\\/wordpress\\\/vakinaista-pyorailya\\\/#article\",\"isPartOf\":{\"@id\":\"https:\\\/\\\/www.blogi.pauliforma.fi\\\/wordpress\\\/vakinaista-pyorailya\\\/\"},\"author\":{\"name\":\"Pauli\",\"@id\":\"https:\\\/\\\/www.blogi.pauliforma.fi\\\/wordpress\\\/#\\\/schema\\\/person\\\/3a41b7cacf9bee4a5a755660888e98f9\"},\"headline\":\"V\u00e4kin\u00e4ist\u00e4 py\u00f6r\u00e4ily\u00e4\",\"datePublished\":\"2010-10-06T15:38:02+00:00\",\"dateModified\":\"2010-10-21T18:45:36+00:00\",\"mainEntityOfPage\":{\"@id\":\"https:\\\/\\\/www.blogi.pauliforma.fi\\\/wordpress\\\/vakinaista-pyorailya\\\/\"},\"wordCount\":272,\"commentCount\":0,\"image\":{\"@id\":\"https:\\\/\\\/www.blogi.pauliforma.fi\\\/wordpress\\\/vakinaista-pyorailya\\\/#primaryimage\"},\"thumbnailUrl\":\"http:\\\/\\\/www.blogi.pauliforma.fi\\\/wordpress\\\/wp-content\\\/uploads\\\/2010\\\/10\\\/kayapo_net1-300x225.jpg\",\"keywords\":[\"maastopy\u00f6r\u00e4\",\"suunnistus\",\"urheiluvammat\"],\"articleSection\":[\"Py\u00f6r\u00e4ily\",\"Suunnistus\"],\"inLanguage\":\"en\",\"potentialAction\":[{\"@type\":\"CommentAction\",\"name\":\"Comment\",\"target\":[\"https:\\\/\\\/www.blogi.pauliforma.fi\\\/wordpress\\\/vakinaista-pyorailya\\\/#respond\"]}]},{\"@type\":\"WebPage\",\"@id\":\"https:\\\/\\\/www.blogi.pauliforma.fi\\\/wordpress\\\/vakinaista-pyorailya\\\/\",\"url\":\"https:\\\/\\\/www.blogi.pauliforma.fi\\\/wordpress\\\/vakinaista-pyorailya\\\/\",\"name\":\"V\u00e4kin\u00e4ist\u00e4 py\u00f6r\u00e4ily\u00e4 - Pauli Forman blogi\",\"isPartOf\":{\"@id\":\"https:\\\/\\\/www.blogi.pauliforma.fi\\\/wordpress\\\/#website\"},\"primaryImageOfPage\":{\"@id\":\"https:\\\/\\\/www.blogi.pauliforma.fi\\\/wordpress\\\/vakinaista-pyorailya\\\/#primaryimage\"},\"image\":{\"@id\":\"https:\\\/\\\/www.blogi.pauliforma.fi\\\/wordpress\\\/vakinaista-pyorailya\\\/#primaryimage\"},\"thumbnailUrl\":\"http:\\\/\\\/www.blogi.pauliforma.fi\\\/wordpress\\\/wp-content\\\/uploads\\\/2010\\\/10\\\/kayapo_net1-300x225.jpg\",\"datePublished\":\"2010-10-06T15:38:02+00:00\",\"dateModified\":\"2010-10-21T18:45:36+00:00\",\"author\":{\"@id\":\"https:\\\/\\\/www.blogi.pauliforma.fi\\\/wordpress\\\/#\\\/schema\\\/person\\\/3a41b7cacf9bee4a5a755660888e98f9\"},\"breadcrumb\":{\"@id\":\"https:\\\/\\\/www.blogi.pauliforma.fi\\\/wordpress\\\/vakinaista-pyorailya\\\/#breadcrumb\"},\"inLanguage\":\"en\",\"potentialAction\":[{\"@type\":\"ReadAction\",\"target\":[\"https:\\\/\\\/www.blogi.pauliforma.fi\\\/wordpress\\\/vakinaista-pyorailya\\\/\"]}]},{\"@type\":\"ImageObject\",\"inLanguage\":\"en\",\"@id\":\"https:\\\/\\\/www.blogi.pauliforma.fi\\\/wordpress\\\/vakinaista-pyorailya\\\/#primaryimage\",\"url\":\"http:\\\/\\\/www.blogi.pauliforma.fi\\\/wordpress\\\/wp-content\\\/uploads\\\/2010\\\/10\\\/kayapo_net1-300x225.jpg\",\"contentUrl\":\"http:\\\/\\\/www.blogi.pauliforma.fi\\\/wordpress\\\/wp-content\\\/uploads\\\/2010\\\/10\\\/kayapo_net1-300x225.jpg\"},{\"@type\":\"BreadcrumbList\",\"@id\":\"https:\\\/\\\/www.blogi.pauliforma.fi\\\/wordpress\\\/vakinaista-pyorailya\\\/#breadcrumb\",\"itemListElement\":[{\"@type\":\"ListItem\",\"position\":1,\"name\":\"Home\",\"item\":\"https:\\\/\\\/www.blogi.pauliforma.fi\\\/wordpress\\\/\"},{\"@type\":\"ListItem\",\"position\":2,\"name\":\"V\u00e4kin\u00e4ist\u00e4 py\u00f6r\u00e4ily\u00e4\"}]},{\"@type\":\"WebSite\",\"@id\":\"https:\\\/\\\/www.blogi.pauliforma.fi\\\/wordpress\\\/#website\",\"url\":\"https:\\\/\\\/www.blogi.pauliforma.fi\\\/wordpress\\\/\",\"name\":\"Pauli Forman blogi\",\"description\":\"Kirjoituksia liikuntaharrastuksista\",\"potentialAction\":[{\"@type\":\"SearchAction\",\"target\":{\"@type\":\"EntryPoint\",\"urlTemplate\":\"https:\\\/\\\/www.blogi.pauliforma.fi\\\/wordpress\\\/?s={search_term_string}\"},\"query-input\":{\"@type\":\"PropertyValueSpecification\",\"valueRequired\":true,\"valueName\":\"search_term_string\"}}],\"inLanguage\":\"en\"},{\"@type\":\"Person\",\"@id\":\"https:\\\/\\\/www.blogi.pauliforma.fi\\\/wordpress\\\/#\\\/schema\\\/person\\\/3a41b7cacf9bee4a5a755660888e98f9\",\"name\":\"Pauli\",\"image\":{\"@type\":\"ImageObject\",\"inLanguage\":\"en\",\"@id\":\"https:\\\/\\\/secure.gravatar.com\\\/avatar\\\/a73a17880042594bb4df231270e6a0814ac3e2411e0db5707c24b2d4f8024b43?s=96&d=mm&r=g\",\"url\":\"https:\\\/\\\/secure.gravatar.com\\\/avatar\\\/a73a17880042594bb4df231270e6a0814ac3e2411e0db5707c24b2d4f8024b43?s=96&d=mm&r=g\",\"contentUrl\":\"https:\\\/\\\/secure.gravatar.com\\\/avatar\\\/a73a17880042594bb4df231270e6a0814ac3e2411e0db5707c24b2d4f8024b43?s=96&d=mm&r=g\",\"caption\":\"Pauli\"},\"sameAs\":[\"http:\\\/\\\/www.pauliforma.fi\"],\"url\":\"https:\\\/\\\/www.blogi.pauliforma.fi\\\/wordpress\\\/author\\\/admin\\\/\"}]}<\/script>\n<!-- \/ Yoast SEO plugin. -->","yoast_head_json":{"title":"V\u00e4kin\u00e4ist\u00e4 py\u00f6r\u00e4ily\u00e4 - Pauli Forman blogi","robots":{"index":"index","follow":"follow","max-snippet":"max-snippet:-1","max-image-preview":"max-image-preview:large","max-video-preview":"max-video-preview:-1"},"canonical":"https:\/\/www.blogi.pauliforma.fi\/wordpress\/vakinaista-pyorailya\/","og_locale":"en_US","og_type":"article","og_title":"V\u00e4kin\u00e4ist\u00e4 py\u00f6r\u00e4ily\u00e4 - Pauli Forman blogi","og_description":"Koska akilles v\u00e4h\u00e4n oireilee, p\u00e4\u00e4tin eilen k\u00e4yd\u00e4 py\u00f6r\u00e4ilem\u00e4ss\u00e4 pitk\u00e4st\u00e4 aikaa. Lenkkin\u00e4 peruslenkki G\u00f6len ymp\u00e4ri, vaivaiset 17 km siis. Ei tuollaisista lenkeist\u00e4 ole muuta hy\u00f6ty\u00e4 kuin raittiissa ilmassa oleminen, mutta on se jonkinlaista liikuntaa. Kannattaa muuten huomioida kuvassa pumpun kiinnitysmekanismi. Oli pakko ottaa h\u00e4t\u00e4isesti pumppu mukaan kun takarengas n\u00e4ytti melko tyhj\u00e4lt\u00e4. Ei ollut kovinkaan hyv\u00e4 ulkoilukokemus. &hellip; Continue reading \"V\u00e4kin\u00e4ist\u00e4 py\u00f6r\u00e4ily\u00e4\"","og_url":"https:\/\/www.blogi.pauliforma.fi\/wordpress\/vakinaista-pyorailya\/","og_site_name":"Pauli Forman blogi","article_published_time":"2010-10-06T15:38:02+00:00","article_modified_time":"2010-10-21T18:45:36+00:00","og_image":[{"url":"http:\/\/www.blogi.pauliforma.fi\/wordpress\/wp-content\/uploads\/2010\/10\/kayapo_net1-300x225.jpg","type":"","width":"","height":""}],"author":"Pauli","twitter_card":"summary_large_image","twitter_creator":"@paufor","twitter_site":"@paufor","twitter_misc":{"Written by":"Pauli","Est. reading time":"1 minute"},"schema":{"@context":"https:\/\/schema.org","@graph":[{"@type":"Article","@id":"https:\/\/www.blogi.pauliforma.fi\/wordpress\/vakinaista-pyorailya\/#article","isPartOf":{"@id":"https:\/\/www.blogi.pauliforma.fi\/wordpress\/vakinaista-pyorailya\/"},"author":{"name":"Pauli","@id":"https:\/\/www.blogi.pauliforma.fi\/wordpress\/#\/schema\/person\/3a41b7cacf9bee4a5a755660888e98f9"},"headline":"V\u00e4kin\u00e4ist\u00e4 py\u00f6r\u00e4ily\u00e4","datePublished":"2010-10-06T15:38:02+00:00","dateModified":"2010-10-21T18:45:36+00:00","mainEntityOfPage":{"@id":"https:\/\/www.blogi.pauliforma.fi\/wordpress\/vakinaista-pyorailya\/"},"wordCount":272,"commentCount":0,"image":{"@id":"https:\/\/www.blogi.pauliforma.fi\/wordpress\/vakinaista-pyorailya\/#primaryimage"},"thumbnailUrl":"http:\/\/www.blogi.pauliforma.fi\/wordpress\/wp-content\/uploads\/2010\/10\/kayapo_net1-300x225.jpg","keywords":["maastopy\u00f6r\u00e4","suunnistus","urheiluvammat"],"articleSection":["Py\u00f6r\u00e4ily","Suunnistus"],"inLanguage":"en","potentialAction":[{"@type":"CommentAction","name":"Comment","target":["https:\/\/www.blogi.pauliforma.fi\/wordpress\/vakinaista-pyorailya\/#respond"]}]},{"@type":"WebPage","@id":"https:\/\/www.blogi.pauliforma.fi\/wordpress\/vakinaista-pyorailya\/","url":"https:\/\/www.blogi.pauliforma.fi\/wordpress\/vakinaista-pyorailya\/","name":"V\u00e4kin\u00e4ist\u00e4 py\u00f6r\u00e4ily\u00e4 - Pauli Forman blogi","isPartOf":{"@id":"https:\/\/www.blogi.pauliforma.fi\/wordpress\/#website"},"primaryImageOfPage":{"@id":"https:\/\/www.blogi.pauliforma.fi\/wordpress\/vakinaista-pyorailya\/#primaryimage"},"image":{"@id":"https:\/\/www.blogi.pauliforma.fi\/wordpress\/vakinaista-pyorailya\/#primaryimage"},"thumbnailUrl":"http:\/\/www.blogi.pauliforma.fi\/wordpress\/wp-content\/uploads\/2010\/10\/kayapo_net1-300x225.jpg","datePublished":"2010-10-06T15:38:02+00:00","dateModified":"2010-10-21T18:45:36+00:00","author":{"@id":"https:\/\/www.blogi.pauliforma.fi\/wordpress\/#\/schema\/person\/3a41b7cacf9bee4a5a755660888e98f9"},"breadcrumb":{"@id":"https:\/\/www.blogi.pauliforma.fi\/wordpress\/vakinaista-pyorailya\/#breadcrumb"},"inLanguage":"en","potentialAction":[{"@type":"ReadAction","target":["https:\/\/www.blogi.pauliforma.fi\/wordpress\/vakinaista-pyorailya\/"]}]},{"@type":"ImageObject","inLanguage":"en","@id":"https:\/\/www.blogi.pauliforma.fi\/wordpress\/vakinaista-pyorailya\/#primaryimage","url":"http:\/\/www.blogi.pauliforma.fi\/wordpress\/wp-content\/uploads\/2010\/10\/kayapo_net1-300x225.jpg","contentUrl":"http:\/\/www.blogi.pauliforma.fi\/wordpress\/wp-content\/uploads\/2010\/10\/kayapo_net1-300x225.jpg"},{"@type":"BreadcrumbList","@id":"https:\/\/www.blogi.pauliforma.fi\/wordpress\/vakinaista-pyorailya\/#breadcrumb","itemListElement":[{"@type":"ListItem","position":1,"name":"Home","item":"https:\/\/www.blogi.pauliforma.fi\/wordpress\/"},{"@type":"ListItem","position":2,"name":"V\u00e4kin\u00e4ist\u00e4 py\u00f6r\u00e4ily\u00e4"}]},{"@type":"WebSite","@id":"https:\/\/www.blogi.pauliforma.fi\/wordpress\/#website","url":"https:\/\/www.blogi.pauliforma.fi\/wordpress\/","name":"Pauli Forman blogi","description":"Kirjoituksia liikuntaharrastuksista","potentialAction":[{"@type":"SearchAction","target":{"@type":"EntryPoint","urlTemplate":"https:\/\/www.blogi.pauliforma.fi\/wordpress\/?s={search_term_string}"},"query-input":{"@type":"PropertyValueSpecification","valueRequired":true,"valueName":"search_term_string"}}],"inLanguage":"en"},{"@type":"Person","@id":"https:\/\/www.blogi.pauliforma.fi\/wordpress\/#\/schema\/person\/3a41b7cacf9bee4a5a755660888e98f9","name":"Pauli","image":{"@type":"ImageObject","inLanguage":"en","@id":"https:\/\/secure.gravatar.com\/avatar\/a73a17880042594bb4df231270e6a0814ac3e2411e0db5707c24b2d4f8024b43?s=96&d=mm&r=g","url":"https:\/\/secure.gravatar.com\/avatar\/a73a17880042594bb4df231270e6a0814ac3e2411e0db5707c24b2d4f8024b43?s=96&d=mm&r=g","contentUrl":"https:\/\/secure.gravatar.com\/avatar\/a73a17880042594bb4df231270e6a0814ac3e2411e0db5707c24b2d4f8024b43?s=96&d=mm&r=g","caption":"Pauli"},"sameAs":["http:\/\/www.pauliforma.fi"],"url":"https:\/\/www.blogi.pauliforma.fi\/wordpress\/author\/admin\/"}]}},"_links":{"self":[{"href":"https:\/\/www.blogi.pauliforma.fi\/wordpress\/wp-json\/wp\/v2\/posts\/400","targetHints":{"allow":["GET"]}}],"collection":[{"href":"https:\/\/www.blogi.pauliforma.fi\/wordpress\/wp-json\/wp\/v2\/posts"}],"about":[{"href":"https:\/\/www.blogi.pauliforma.fi\/wordpress\/wp-json\/wp\/v2\/types\/post"}],"author":[{"embeddable":true,"href":"https:\/\/www.blogi.pauliforma.fi\/wordpress\/wp-json\/wp\/v2\/users\/1"}],"replies":[{"embeddable":true,"href":"https:\/\/www.blogi.pauliforma.fi\/wordpress\/wp-json\/wp\/v2\/comments?post=400"}],"version-history":[{"count":13,"href":"https:\/\/www.blogi.pauliforma.fi\/wordpress\/wp-json\/wp\/v2\/posts\/400\/revisions"}],"predecessor-version":[{"id":504,"href":"https:\/\/www.blogi.pauliforma.fi\/wordpress\/wp-json\/wp\/v2\/posts\/400\/revisions\/504"}],"wp:attachment":[{"href":"https:\/\/www.blogi.pauliforma.fi\/wordpress\/wp-json\/wp\/v2\/media?parent=400"}],"wp:term":[{"taxonomy":"category","embeddable":true,"href":"https:\/\/www.blogi.pauliforma.fi\/wordpress\/wp-json\/wp\/v2\/categories?post=400"},{"taxonomy":"post_tag","embeddable":true,"href":"https:\/\/www.blogi.pauliforma.fi\/wordpress\/wp-json\/wp\/v2\/tags?post=400"}],"curies":[{"name":"wp","href":"https:\/\/api.w.org\/{rel}","templated":true}]}}