{"id":387,"date":"2010-10-03T21:52:46","date_gmt":"2010-10-03T18:52:46","guid":{"rendered":"http:\/\/www.blogi.pauliforma.fi\/wordpress\/?p=387"},"modified":"2010-10-21T21:46:22","modified_gmt":"2010-10-21T18:46:22","slug":"pitka-lenkki-ja-niin-edelleen","status":"publish","type":"post","link":"https:\/\/www.blogi.pauliforma.fi\/wordpress\/pitka-lenkki-ja-niin-edelleen\/","title":{"rendered":"Pitk\u00e4 lenkki ja niin edelleen"},"content":{"rendered":"<p>Eilen katselin my\u00f6h\u00e4\u00e4n iltaan &#8220;Veteen piirretty\u00e4 viivaa&#8221; &#8211; ihan ok, mutta v\u00e4h\u00e4n liian filosofinen sotaelokuva. Samaan aikaan seurasin onlinea SM-y\u00f6st\u00e4 Myn\u00e4m\u00e4elt\u00e4. <\/p>\n<p>T\u00e4n\u00e4\u00e4n aamun pitk\u00e4 lenkki (aika pitk\u00e4, ei erikoisen pitk\u00e4) G\u00f6len-Degersj\u00f6n maastoissa, k\u00e4ppyr\u00e4 alla (kannattaa klikata &#8220;satelliitti&#8221; &#8211; on j\u00e4nnitt\u00e4v\u00e4mm\u00e4n n\u00e4k\u00f6inen niin). Hiukan aristaa molemmat akillekset. Taitaa olla parasta ottaa parit py\u00f6r\u00e4lenkit ensi viikolla.<\/p>\n<p><iframe width='465' height='548' frameborder='0' src='http:\/\/connect.garmin.com:80\/activity\/embed\/51459595'><\/iframe><\/p>\n<p>Oli hieno syksyinen aamu juosta. Usvaista, ei liian kylm\u00e4\u00e4. Suunnistajien yksi keskeinen sidosryhm\u00e4, mets\u00e4st\u00e4j\u00e4t, olivat paikalla my\u00f6s. Kyselin, onko t\u00e4\u00e4ll\u00e4 turvallista juosta. Sanoivat, ett\u00e4 olet j\u00e4nist\u00e4 isompi, ei me Sua ammuta. Hyv\u00e4 niin. <\/p>\n<p>Sitten pient\u00e4 retkeily\u00e4 perheen kanssa syksyisess\u00e4 maastossa. Sikerm\u00e4 kuvia alla. <\/p>\n<div id='gallery-1' class='gallery galleryid-387 gallery-columns-3 gallery-size-thumbnail'><figure class='gallery-item'>\n\t\t\t<div class='gallery-icon landscape'>\n\t\t\t\t<a href='https:\/\/www.blogi.pauliforma.fi\/wordpress\/pitka-lenkki-ja-niin-edelleen\/img_3429\/'><img loading=\"lazy\" decoding=\"async\" width=\"150\" height=\"150\" src=\"https:\/\/www.blogi.pauliforma.fi\/wordpress\/wp-content\/uploads\/2010\/10\/IMG_3429-150x150.jpg\" class=\"attachment-thumbnail size-thumbnail\" alt=\"\" sizes=\"auto, 100vw\" \/><\/a>\n\t\t\t<\/div><\/figure><figure class='gallery-item'>\n\t\t\t<div class='gallery-icon landscape'>\n\t\t\t\t<a href='https:\/\/www.blogi.pauliforma.fi\/wordpress\/pitka-lenkki-ja-niin-edelleen\/img_3430\/'><img loading=\"lazy\" decoding=\"async\" width=\"150\" height=\"150\" src=\"https:\/\/www.blogi.pauliforma.fi\/wordpress\/wp-content\/uploads\/2010\/10\/IMG_3430-150x150.jpg\" class=\"attachment-thumbnail size-thumbnail\" alt=\"\" sizes=\"auto, 100vw\" \/><\/a>\n\t\t\t<\/div><\/figure><figure class='gallery-item'>\n\t\t\t<div class='gallery-icon landscape'>\n\t\t\t\t<a href='https:\/\/www.blogi.pauliforma.fi\/wordpress\/pitka-lenkki-ja-niin-edelleen\/img_3431\/'><img loading=\"lazy\" decoding=\"async\" width=\"150\" height=\"150\" src=\"https:\/\/www.blogi.pauliforma.fi\/wordpress\/wp-content\/uploads\/2010\/10\/IMG_3431-150x150.jpg\" class=\"attachment-thumbnail size-thumbnail\" alt=\"\" sizes=\"auto, 100vw\" \/><\/a>\n\t\t\t<\/div><\/figure><figure class='gallery-item'>\n\t\t\t<div class='gallery-icon landscape'>\n\t\t\t\t<a href='https:\/\/www.blogi.pauliforma.fi\/wordpress\/pitka-lenkki-ja-niin-edelleen\/img_3434\/'><img loading=\"lazy\" decoding=\"async\" width=\"150\" height=\"150\" src=\"https:\/\/www.blogi.pauliforma.fi\/wordpress\/wp-content\/uploads\/2010\/10\/IMG_3434-150x150.jpg\" class=\"attachment-thumbnail size-thumbnail\" alt=\"\" sizes=\"auto, 100vw\" \/><\/a>\n\t\t\t<\/div><\/figure><figure class='gallery-item'>\n\t\t\t<div class='gallery-icon landscape'>\n\t\t\t\t<a href='https:\/\/www.blogi.pauliforma.fi\/wordpress\/pitka-lenkki-ja-niin-edelleen\/img_3436\/'><img loading=\"lazy\" decoding=\"async\" width=\"150\" height=\"150\" src=\"https:\/\/www.blogi.pauliforma.fi\/wordpress\/wp-content\/uploads\/2010\/10\/IMG_3436-150x150.jpg\" class=\"attachment-thumbnail size-thumbnail\" alt=\"\" sizes=\"auto, 100vw\" \/><\/a>\n\t\t\t<\/div><\/figure>\n\t\t<\/div>\n\n<p>Illansuussa viel\u00e4 Uran suunnistusjaoston kokous. Siell\u00e4 yritin houkutella edustusjoukkueen Kallea mukaan rastijahtiin. Ei viel\u00e4 luvannut. Itse taidan olla menossa.<\/p>\n<p>Illalla viel\u00e4 <a href=\"http:\/\/www.soppakauha.com\/index.asp?s=\/reseptit\/6001.htm\">&#8220;intialaista kastiketta&#8221;<\/a> kera basmatiriisin. Hyv\u00e4\u00e4 oli. <\/p>\n<p>Laitoin muuten listan t\u00e4m\u00e4n vuoden suunnistuksista kuntoon <a href=\"http:\/\/www.pauliforma.fi\/index.php?option=com_content&#038;view=article&#038;id=128&#038;Itemid=103\">t\u00e4nne<\/a>. On sit\u00e4 muutaman kerran tullut oltua mets\u00e4ss\u00e4 sent\u00e4\u00e4n.<\/p>\n","protected":false},"excerpt":{"rendered":"<p>Eilen katselin my\u00f6h\u00e4\u00e4n iltaan &#8220;Veteen piirretty\u00e4 viivaa&#8221; &#8211; ihan ok, mutta v\u00e4h\u00e4n liian filosofinen sotaelokuva. Samaan aikaan seurasin onlinea SM-y\u00f6st\u00e4 Myn\u00e4m\u00e4elt\u00e4. T\u00e4n\u00e4\u00e4n aamun pitk\u00e4 lenkki (aika pitk\u00e4, ei erikoisen pitk\u00e4) G\u00f6len-Degersj\u00f6n maastoissa, k\u00e4ppyr\u00e4 alla (kannattaa klikata &#8220;satelliitti&#8221; &#8211; on j\u00e4nnitt\u00e4v\u00e4mm\u00e4n n\u00e4k\u00f6inen niin). Hiukan aristaa molemmat akillekset. Taitaa olla parasta ottaa parit py\u00f6r\u00e4lenkit ensi viikolla. Oli &hellip; <\/p>\n<p class=\"link-more\"><a href=\"https:\/\/www.blogi.pauliforma.fi\/wordpress\/pitka-lenkki-ja-niin-edelleen\/\" class=\"more-link\">Continue reading<span class=\"screen-reader-text\"> &#8220;Pitk\u00e4 lenkki ja niin edelleen&#8221;<\/span><\/a><\/p>\n","protected":false},"author":1,"featured_media":0,"comment_status":"open","ping_status":"open","sticky":false,"template":"","format":"standard","meta":{"_monsterinsights_skip_tracking":false,"_monsterinsights_sitenote_active":false,"_monsterinsights_sitenote_note":"","_monsterinsights_sitenote_category":0,"footnotes":""},"categories":[30,28,1],"tags":[8,15,26],"class_list":["post-387","post","type-post","status-publish","format-standard","hentry","category-juoksu-2","category-ruoka2","category-uncategorized","tag-juoksu","tag-ruoka","tag-urheiluvammat"],"yoast_head":"<!-- This site is optimized with the Yoast SEO plugin v27.7 - https:\/\/yoast.com\/product\/yoast-seo-wordpress\/ -->\n<title>Pitk\u00e4 lenkki ja niin edelleen - Pauli Forman blogi<\/title>\n<meta name=\"robots\" content=\"index, follow, max-snippet:-1, max-image-preview:large, max-video-preview:-1\" \/>\n<link rel=\"canonical\" href=\"https:\/\/www.blogi.pauliforma.fi\/wordpress\/pitka-lenkki-ja-niin-edelleen\/\" \/>\n<meta property=\"og:locale\" content=\"en_US\" \/>\n<meta property=\"og:type\" content=\"article\" \/>\n<meta property=\"og:title\" content=\"Pitk\u00e4 lenkki ja niin edelleen - Pauli Forman blogi\" \/>\n<meta property=\"og:description\" content=\"Eilen katselin my\u00f6h\u00e4\u00e4n iltaan &#8220;Veteen piirretty\u00e4 viivaa&#8221; &#8211; ihan ok, mutta v\u00e4h\u00e4n liian filosofinen sotaelokuva. Samaan aikaan seurasin onlinea SM-y\u00f6st\u00e4 Myn\u00e4m\u00e4elt\u00e4. T\u00e4n\u00e4\u00e4n aamun pitk\u00e4 lenkki (aika pitk\u00e4, ei erikoisen pitk\u00e4) G\u00f6len-Degersj\u00f6n maastoissa, k\u00e4ppyr\u00e4 alla (kannattaa klikata &#8220;satelliitti&#8221; &#8211; on j\u00e4nnitt\u00e4v\u00e4mm\u00e4n n\u00e4k\u00f6inen niin). Hiukan aristaa molemmat akillekset. Taitaa olla parasta ottaa parit py\u00f6r\u00e4lenkit ensi viikolla. Oli &hellip; Continue reading &quot;Pitk\u00e4 lenkki ja niin edelleen&quot;\" \/>\n<meta property=\"og:url\" content=\"https:\/\/www.blogi.pauliforma.fi\/wordpress\/pitka-lenkki-ja-niin-edelleen\/\" \/>\n<meta property=\"og:site_name\" content=\"Pauli Forman blogi\" \/>\n<meta property=\"article:published_time\" content=\"2010-10-03T18:52:46+00:00\" \/>\n<meta property=\"article:modified_time\" content=\"2010-10-21T18:46:22+00:00\" \/>\n<meta property=\"og:image\" content=\"https:\/\/www.blogi.pauliforma.fi\/wordpress\/wp-content\/uploads\/2010\/10\/IMG_3429-150x150.jpg\" \/>\n<meta name=\"author\" content=\"Pauli\" \/>\n<meta name=\"twitter:card\" content=\"summary_large_image\" \/>\n<meta name=\"twitter:creator\" content=\"@paufor\" \/>\n<meta name=\"twitter:site\" content=\"@paufor\" \/>\n<meta name=\"twitter:label1\" content=\"Written by\" \/>\n\t<meta name=\"twitter:data1\" content=\"Pauli\" \/>\n\t<meta name=\"twitter:label2\" content=\"Est. reading time\" \/>\n\t<meta name=\"twitter:data2\" content=\"1 minute\" \/>\n<script type=\"application\/ld+json\" class=\"yoast-schema-graph\">{\"@context\":\"https:\\\/\\\/schema.org\",\"@graph\":[{\"@type\":\"Article\",\"@id\":\"https:\\\/\\\/www.blogi.pauliforma.fi\\\/wordpress\\\/pitka-lenkki-ja-niin-edelleen\\\/#article\",\"isPartOf\":{\"@id\":\"https:\\\/\\\/www.blogi.pauliforma.fi\\\/wordpress\\\/pitka-lenkki-ja-niin-edelleen\\\/\"},\"author\":{\"name\":\"Pauli\",\"@id\":\"https:\\\/\\\/www.blogi.pauliforma.fi\\\/wordpress\\\/#\\\/schema\\\/person\\\/3a41b7cacf9bee4a5a755660888e98f9\"},\"headline\":\"Pitk\u00e4 lenkki ja niin edelleen\",\"datePublished\":\"2010-10-03T18:52:46+00:00\",\"dateModified\":\"2010-10-21T18:46:22+00:00\",\"mainEntityOfPage\":{\"@id\":\"https:\\\/\\\/www.blogi.pauliforma.fi\\\/wordpress\\\/pitka-lenkki-ja-niin-edelleen\\\/\"},\"wordCount\":177,\"commentCount\":0,\"keywords\":[\"juoksu\",\"ruoka\",\"urheiluvammat\"],\"articleSection\":[\"Juoksu\",\"Ruoka\",\"Suunnistus\"],\"inLanguage\":\"en\",\"potentialAction\":[{\"@type\":\"CommentAction\",\"name\":\"Comment\",\"target\":[\"https:\\\/\\\/www.blogi.pauliforma.fi\\\/wordpress\\\/pitka-lenkki-ja-niin-edelleen\\\/#respond\"]}]},{\"@type\":\"WebPage\",\"@id\":\"https:\\\/\\\/www.blogi.pauliforma.fi\\\/wordpress\\\/pitka-lenkki-ja-niin-edelleen\\\/\",\"url\":\"https:\\\/\\\/www.blogi.pauliforma.fi\\\/wordpress\\\/pitka-lenkki-ja-niin-edelleen\\\/\",\"name\":\"Pitk\u00e4 lenkki ja niin edelleen - Pauli Forman blogi\",\"isPartOf\":{\"@id\":\"https:\\\/\\\/www.blogi.pauliforma.fi\\\/wordpress\\\/#website\"},\"datePublished\":\"2010-10-03T18:52:46+00:00\",\"dateModified\":\"2010-10-21T18:46:22+00:00\",\"author\":{\"@id\":\"https:\\\/\\\/www.blogi.pauliforma.fi\\\/wordpress\\\/#\\\/schema\\\/person\\\/3a41b7cacf9bee4a5a755660888e98f9\"},\"breadcrumb\":{\"@id\":\"https:\\\/\\\/www.blogi.pauliforma.fi\\\/wordpress\\\/pitka-lenkki-ja-niin-edelleen\\\/#breadcrumb\"},\"inLanguage\":\"en\",\"potentialAction\":[{\"@type\":\"ReadAction\",\"target\":[\"https:\\\/\\\/www.blogi.pauliforma.fi\\\/wordpress\\\/pitka-lenkki-ja-niin-edelleen\\\/\"]}]},{\"@type\":\"BreadcrumbList\",\"@id\":\"https:\\\/\\\/www.blogi.pauliforma.fi\\\/wordpress\\\/pitka-lenkki-ja-niin-edelleen\\\/#breadcrumb\",\"itemListElement\":[{\"@type\":\"ListItem\",\"position\":1,\"name\":\"Home\",\"item\":\"https:\\\/\\\/www.blogi.pauliforma.fi\\\/wordpress\\\/\"},{\"@type\":\"ListItem\",\"position\":2,\"name\":\"Pitk\u00e4 lenkki ja niin edelleen\"}]},{\"@type\":\"WebSite\",\"@id\":\"https:\\\/\\\/www.blogi.pauliforma.fi\\\/wordpress\\\/#website\",\"url\":\"https:\\\/\\\/www.blogi.pauliforma.fi\\\/wordpress\\\/\",\"name\":\"Pauli Forman blogi\",\"description\":\"Kirjoituksia liikuntaharrastuksista\",\"potentialAction\":[{\"@type\":\"SearchAction\",\"target\":{\"@type\":\"EntryPoint\",\"urlTemplate\":\"https:\\\/\\\/www.blogi.pauliforma.fi\\\/wordpress\\\/?s={search_term_string}\"},\"query-input\":{\"@type\":\"PropertyValueSpecification\",\"valueRequired\":true,\"valueName\":\"search_term_string\"}}],\"inLanguage\":\"en\"},{\"@type\":\"Person\",\"@id\":\"https:\\\/\\\/www.blogi.pauliforma.fi\\\/wordpress\\\/#\\\/schema\\\/person\\\/3a41b7cacf9bee4a5a755660888e98f9\",\"name\":\"Pauli\",\"image\":{\"@type\":\"ImageObject\",\"inLanguage\":\"en\",\"@id\":\"https:\\\/\\\/secure.gravatar.com\\\/avatar\\\/a73a17880042594bb4df231270e6a0814ac3e2411e0db5707c24b2d4f8024b43?s=96&d=mm&r=g\",\"url\":\"https:\\\/\\\/secure.gravatar.com\\\/avatar\\\/a73a17880042594bb4df231270e6a0814ac3e2411e0db5707c24b2d4f8024b43?s=96&d=mm&r=g\",\"contentUrl\":\"https:\\\/\\\/secure.gravatar.com\\\/avatar\\\/a73a17880042594bb4df231270e6a0814ac3e2411e0db5707c24b2d4f8024b43?s=96&d=mm&r=g\",\"caption\":\"Pauli\"},\"sameAs\":[\"http:\\\/\\\/www.pauliforma.fi\"],\"url\":\"https:\\\/\\\/www.blogi.pauliforma.fi\\\/wordpress\\\/author\\\/admin\\\/\"}]}<\/script>\n<!-- \/ Yoast SEO plugin. -->","yoast_head_json":{"title":"Pitk\u00e4 lenkki ja niin edelleen - Pauli Forman blogi","robots":{"index":"index","follow":"follow","max-snippet":"max-snippet:-1","max-image-preview":"max-image-preview:large","max-video-preview":"max-video-preview:-1"},"canonical":"https:\/\/www.blogi.pauliforma.fi\/wordpress\/pitka-lenkki-ja-niin-edelleen\/","og_locale":"en_US","og_type":"article","og_title":"Pitk\u00e4 lenkki ja niin edelleen - Pauli Forman blogi","og_description":"Eilen katselin my\u00f6h\u00e4\u00e4n iltaan &#8220;Veteen piirretty\u00e4 viivaa&#8221; &#8211; ihan ok, mutta v\u00e4h\u00e4n liian filosofinen sotaelokuva. Samaan aikaan seurasin onlinea SM-y\u00f6st\u00e4 Myn\u00e4m\u00e4elt\u00e4. T\u00e4n\u00e4\u00e4n aamun pitk\u00e4 lenkki (aika pitk\u00e4, ei erikoisen pitk\u00e4) G\u00f6len-Degersj\u00f6n maastoissa, k\u00e4ppyr\u00e4 alla (kannattaa klikata &#8220;satelliitti&#8221; &#8211; on j\u00e4nnitt\u00e4v\u00e4mm\u00e4n n\u00e4k\u00f6inen niin). Hiukan aristaa molemmat akillekset. Taitaa olla parasta ottaa parit py\u00f6r\u00e4lenkit ensi viikolla. Oli &hellip; Continue reading \"Pitk\u00e4 lenkki ja niin edelleen\"","og_url":"https:\/\/www.blogi.pauliforma.fi\/wordpress\/pitka-lenkki-ja-niin-edelleen\/","og_site_name":"Pauli Forman blogi","article_published_time":"2010-10-03T18:52:46+00:00","article_modified_time":"2010-10-21T18:46:22+00:00","og_image":[{"url":"https:\/\/www.blogi.pauliforma.fi\/wordpress\/wp-content\/uploads\/2010\/10\/IMG_3429-150x150.jpg","type":"","width":"","height":""}],"author":"Pauli","twitter_card":"summary_large_image","twitter_creator":"@paufor","twitter_site":"@paufor","twitter_misc":{"Written by":"Pauli","Est. reading time":"1 minute"},"schema":{"@context":"https:\/\/schema.org","@graph":[{"@type":"Article","@id":"https:\/\/www.blogi.pauliforma.fi\/wordpress\/pitka-lenkki-ja-niin-edelleen\/#article","isPartOf":{"@id":"https:\/\/www.blogi.pauliforma.fi\/wordpress\/pitka-lenkki-ja-niin-edelleen\/"},"author":{"name":"Pauli","@id":"https:\/\/www.blogi.pauliforma.fi\/wordpress\/#\/schema\/person\/3a41b7cacf9bee4a5a755660888e98f9"},"headline":"Pitk\u00e4 lenkki ja niin edelleen","datePublished":"2010-10-03T18:52:46+00:00","dateModified":"2010-10-21T18:46:22+00:00","mainEntityOfPage":{"@id":"https:\/\/www.blogi.pauliforma.fi\/wordpress\/pitka-lenkki-ja-niin-edelleen\/"},"wordCount":177,"commentCount":0,"keywords":["juoksu","ruoka","urheiluvammat"],"articleSection":["Juoksu","Ruoka","Suunnistus"],"inLanguage":"en","potentialAction":[{"@type":"CommentAction","name":"Comment","target":["https:\/\/www.blogi.pauliforma.fi\/wordpress\/pitka-lenkki-ja-niin-edelleen\/#respond"]}]},{"@type":"WebPage","@id":"https:\/\/www.blogi.pauliforma.fi\/wordpress\/pitka-lenkki-ja-niin-edelleen\/","url":"https:\/\/www.blogi.pauliforma.fi\/wordpress\/pitka-lenkki-ja-niin-edelleen\/","name":"Pitk\u00e4 lenkki ja niin edelleen - Pauli Forman blogi","isPartOf":{"@id":"https:\/\/www.blogi.pauliforma.fi\/wordpress\/#website"},"datePublished":"2010-10-03T18:52:46+00:00","dateModified":"2010-10-21T18:46:22+00:00","author":{"@id":"https:\/\/www.blogi.pauliforma.fi\/wordpress\/#\/schema\/person\/3a41b7cacf9bee4a5a755660888e98f9"},"breadcrumb":{"@id":"https:\/\/www.blogi.pauliforma.fi\/wordpress\/pitka-lenkki-ja-niin-edelleen\/#breadcrumb"},"inLanguage":"en","potentialAction":[{"@type":"ReadAction","target":["https:\/\/www.blogi.pauliforma.fi\/wordpress\/pitka-lenkki-ja-niin-edelleen\/"]}]},{"@type":"BreadcrumbList","@id":"https:\/\/www.blogi.pauliforma.fi\/wordpress\/pitka-lenkki-ja-niin-edelleen\/#breadcrumb","itemListElement":[{"@type":"ListItem","position":1,"name":"Home","item":"https:\/\/www.blogi.pauliforma.fi\/wordpress\/"},{"@type":"ListItem","position":2,"name":"Pitk\u00e4 lenkki ja niin edelleen"}]},{"@type":"WebSite","@id":"https:\/\/www.blogi.pauliforma.fi\/wordpress\/#website","url":"https:\/\/www.blogi.pauliforma.fi\/wordpress\/","name":"Pauli Forman blogi","description":"Kirjoituksia liikuntaharrastuksista","potentialAction":[{"@type":"SearchAction","target":{"@type":"EntryPoint","urlTemplate":"https:\/\/www.blogi.pauliforma.fi\/wordpress\/?s={search_term_string}"},"query-input":{"@type":"PropertyValueSpecification","valueRequired":true,"valueName":"search_term_string"}}],"inLanguage":"en"},{"@type":"Person","@id":"https:\/\/www.blogi.pauliforma.fi\/wordpress\/#\/schema\/person\/3a41b7cacf9bee4a5a755660888e98f9","name":"Pauli","image":{"@type":"ImageObject","inLanguage":"en","@id":"https:\/\/secure.gravatar.com\/avatar\/a73a17880042594bb4df231270e6a0814ac3e2411e0db5707c24b2d4f8024b43?s=96&d=mm&r=g","url":"https:\/\/secure.gravatar.com\/avatar\/a73a17880042594bb4df231270e6a0814ac3e2411e0db5707c24b2d4f8024b43?s=96&d=mm&r=g","contentUrl":"https:\/\/secure.gravatar.com\/avatar\/a73a17880042594bb4df231270e6a0814ac3e2411e0db5707c24b2d4f8024b43?s=96&d=mm&r=g","caption":"Pauli"},"sameAs":["http:\/\/www.pauliforma.fi"],"url":"https:\/\/www.blogi.pauliforma.fi\/wordpress\/author\/admin\/"}]}},"_links":{"self":[{"href":"https:\/\/www.blogi.pauliforma.fi\/wordpress\/wp-json\/wp\/v2\/posts\/387","targetHints":{"allow":["GET"]}}],"collection":[{"href":"https:\/\/www.blogi.pauliforma.fi\/wordpress\/wp-json\/wp\/v2\/posts"}],"about":[{"href":"https:\/\/www.blogi.pauliforma.fi\/wordpress\/wp-json\/wp\/v2\/types\/post"}],"author":[{"embeddable":true,"href":"https:\/\/www.blogi.pauliforma.fi\/wordpress\/wp-json\/wp\/v2\/users\/1"}],"replies":[{"embeddable":true,"href":"https:\/\/www.blogi.pauliforma.fi\/wordpress\/wp-json\/wp\/v2\/comments?post=387"}],"version-history":[{"count":7,"href":"https:\/\/www.blogi.pauliforma.fi\/wordpress\/wp-json\/wp\/v2\/posts\/387\/revisions"}],"predecessor-version":[{"id":505,"href":"https:\/\/www.blogi.pauliforma.fi\/wordpress\/wp-json\/wp\/v2\/posts\/387\/revisions\/505"}],"wp:attachment":[{"href":"https:\/\/www.blogi.pauliforma.fi\/wordpress\/wp-json\/wp\/v2\/media?parent=387"}],"wp:term":[{"taxonomy":"category","embeddable":true,"href":"https:\/\/www.blogi.pauliforma.fi\/wordpress\/wp-json\/wp\/v2\/categories?post=387"},{"taxonomy":"post_tag","embeddable":true,"href":"https:\/\/www.blogi.pauliforma.fi\/wordpress\/wp-json\/wp\/v2\/tags?post=387"}],"curies":[{"name":"wp","href":"https:\/\/api.w.org\/{rel}","templated":true}]}}