{"id":3820,"date":"2025-06-16T18:16:13","date_gmt":"2025-06-16T15:16:13","guid":{"rendered":"https:\/\/www.blogi.pauliforma.fi\/wordpress\/?p=3820"},"modified":"2025-06-17T19:30:15","modified_gmt":"2025-06-17T16:30:15","slug":"ironman-hamburg-2025","status":"publish","type":"post","link":"https:\/\/www.blogi.pauliforma.fi\/wordpress\/ironman-hamburg-2025\/","title":{"rendered":"Ironman Hamburg 2025"},"content":{"rendered":"<p><a title=\"Kuva1\" href=\"https:\/\/www.flickr.com\/photos\/pforma\/54593575250\/in\/dateposted-family\/\" data-flickr-embed=\"true\"><img loading=\"lazy\" decoding=\"async\" src=\"https:\/\/live.staticflickr.com\/65535\/54593575250_d8ace86f07_z.jpg\" alt=\"Kuva1\" width=\"480\" height=\"640\" \/><\/a><\/p>\n<p>Tavoitteenani on suorittaa kymmenen triathlonin t\u00e4ysmatkaa ennen kuin t\u00e4yt\u00e4n 60-vuotta. Projekti etenee hyvin, sill\u00e4 viime vuoden kisa Portugalissa oli kuudes ja t\u00e4yt\u00e4n &#8220;vasta&#8221; 55 vuotta t\u00e4n\u00e4 vuonna.<\/p>\n<p>T\u00e4m\u00e4n vuoden kisaksi valikoitui <strong>Ironman Hamburg<\/strong>. Valintaan vaikutti sujuva logistiikka ja tasainen rata. Uutena kokemuksena oli kisan sijoittuminen heti kes\u00e4n alkuun. T\u00e4m\u00e4 on merkityksellist\u00e4 harjoittelun kannalta, koska kes\u00e4lomalla on tietenkin enemm\u00e4n aikaa treenata kuin t\u00f6iss\u00e4 ollessa. Lis\u00e4ksi alkukes\u00e4n kilpailussa ulkopy\u00f6r\u00e4ily\u00e4 ei kelien puolesta v\u00e4ltt\u00e4m\u00e4tt\u00e4 saa paljon alle ja avovesiuintikin saattaa j\u00e4\u00e4d\u00e4 v\u00e4h\u00e4iseksi.<\/p>\n<p><strong>Valmistautumisessa oli paljon vaikeuksia<\/strong><\/p>\n<p>Ensimm\u00e4inen terveyteen liittyv\u00e4 vaiva oli kantap\u00e4\u00e4ongelma (plantaari faskiitti), joka ilmoitteli itsest\u00e4\u00e4n jo vuodenvaihteen j\u00e4lkeen. Vaiva oli todella kivulias. Erityisesti aamulla en pystynyt ilman ontumista k\u00e4velem\u00e4\u00e4n. Kokeilin kaikenlaisia venytyksi\u00e4, mutta loppujen lopuksi faskiittipallon py\u00f6rittely jalkapohjan ja kantap\u00e4\u00e4n alla oli paras konsti. Lis\u00e4ksi hommasin erikoispohjalliset kenkiin ja pidin pehme\u00e4pohjaisia lenkkareita sis\u00e4ll\u00e4 koko ajan. Suosittelen n\u00e4it\u00e4 erikoispohjallisia l\u00e4mpim\u00e4sti, <a href=\"https:\/\/www.yliopistonapteekki.fi\/scholl-in-balance-pohjallinen-plantar-fasciitis-m-koko-40-42-1-pari-95891\">t\u00e4llaisia isompia malleja<\/a>.<\/p>\n<p>Toinen ongelma oli vanhempi polviongelma, joka ilmoitteli olemassaolostaan. T\u00e4m\u00e4 vaiva asettui itsest\u00e4\u00e4n, pient\u00e4 lepoja ja varovaisuutta se vaati.<\/p>\n<p>Kolmas ongelma oli kev\u00e4tflunssa, joka iski maalis-huhtikuun taitteessa. Tauti oli sitke\u00e4, kest\u00e4en kolme viikkoa. V\u00e4lill\u00e4 oli jo toivetta p\u00e4\u00e4st\u00e4 liikkeelle, mutta tauti iski uudestaan p\u00e4\u00e4lle. T\u00e4ss\u00e4 vaiheessa oli jo mieless\u00e4, ett\u00e4 mahdollisesti pit\u00e4\u00e4 siirt\u00e4\u00e4 kisaa toiseen my\u00f6h\u00e4isemp\u00e4\u00e4n ajankohtaan. Lopulta p\u00e4\u00e4sin kuitenkin treenaamaan. Flunssassa oli mielenkiintoista tarkastella <strong>Oura<\/strong>-sormuksen lukemia. Niin tarkasti se n\u00e4ytti miten paraneminen eteni valmiuden ja sen eri osa-alueiden k\u00e4\u00e4ntyess\u00e4 nousuun. Flunssa oli todella poikkeuksellinen, en ole sellaista sairastanut pitk\u00e4\u00e4n aikaan.<\/p>\n<p>Eik\u00e4 t\u00e4ss\u00e4 viel\u00e4 kaikki. Muutama viikko ennen kisaa iski omituinen lonkan\/nivusen alueen vaiva, joka ensin haittasi juoksemista ja sitten esti sen kokonaan. Vaivan pahenemisessa keskeisess\u00e4 roolissa oli <strong>Yritysmaratonviesti<\/strong>, jonne osallistuin. Siell\u00e4 juostiin kovaa lyhytt\u00e4 2 km lenkki\u00e4, joka oli p\u00e4\u00e4osin asvalttia. T\u00e4m\u00e4n j\u00e4lkeen en k\u00e4yt\u00e4nn\u00f6ss\u00e4 juossut lainkaan ennen kisaa.<\/p>\n<p>Kokonaisuudessaan jalkavaivat haittasivat vain juoksuharjoittelua. Muita lajeja pystyin treenaamaan, mutta juoksu j\u00e4i todella v\u00e4hiin. N\u00e4m\u00e4 ajatukset johtivat my\u00f6s siihen mahdollisuuteen, ett\u00e4 joutuisin ehk\u00e4 keskeytt\u00e4m\u00e4\u00e4n suorituksen ja mitali j\u00e4isi saavuttamatta. Kun pohdin asiaa teko\u00e4lyn kanssa, sain ohjeeksi valmistautua pettymyksen tunteeseen.<\/p>\n<p><strong>Lentolakko\u00a0<\/strong><\/p>\n<p>Seuraava ongelma oli lentolakko, joka uhkasi juuri valitsemiani matkap\u00e4ivi\u00e4. P\u00e4\u00e4dyin siirt\u00e4m\u00e4\u00e4n menolennon p\u00e4iv\u00e4\u00e4 aikaisemmaksi, jotta sit\u00e4 ei tarvitsisi j\u00e4nnitt\u00e4\u00e4. Paluulentokin peruttiin ja jouduin sittemmin paluun p\u00e4iv\u00e4\u00e4 my\u00f6h\u00e4isemm\u00e4ksi. Eli kokonaisuudessaan reissusta Hampuriin tuli kohtalaisen pitk\u00e4, torstaista tiistaihin, kisap\u00e4iv\u00e4n ollessa sunnuntai.<\/p>\n<p><strong>Uusi py\u00f6r\u00e4laukku\u00a0<\/strong><\/p>\n<p>Vanha py\u00f6r\u00e4laukkuni hajosi Cascaisin reissulla ja oli my\u00f6s hieman vaikeak\u00e4ytt\u00f6inen. Siksi p\u00e4\u00e4dyin investoimaan uuteen laukkuun. Valinta kohdistui <strong>Sciconin Aerocomfort 3.0<\/strong> malliin, joka osoittautui aivan loistavaksi valinnaksi. Py\u00f6r\u00e4\u00e4 ei pakatessa tarvitse purkaa juuri lainkaan. Riitt\u00e4\u00e4 kun ottaa kiekot pois ja hieman laittaa aerotankoja lyhyemmiksi. Py\u00f6r\u00e4n matkakuntoon laittaminen kesti noin 20 min ja py\u00f6r\u00e4 kulkee todella hyvin pienill\u00e4 renkaillaan. Koska kyseess\u00e4 on pehm\u00e4 laukku, lis\u00e4sin hieman pehmusteita kiekkojen ja takavaihtajan ymp\u00e4rille. Laukku hoisi hommansa todella hyvin, mahtui perustaksin kyytiinkin hyvin.<\/p>\n<p><a title=\"Kuva5\" href=\"https:\/\/www.flickr.com\/photos\/pforma\/54593575215\/in\/dateposted-family\/\" data-flickr-embed=\"true\"><img loading=\"lazy\" decoding=\"async\" src=\"https:\/\/live.staticflickr.com\/65535\/54593575215_e93419e3b6_z.jpg\" alt=\"Kuva5\" width=\"480\" height=\"640\" \/><\/a><script async src=\"\/\/embedr.flickr.com\/assets\/client-code.js\" charset=\"utf-8\"><\/script><\/p>\n<p><a title=\"Kuva6\" href=\"https:\/\/www.flickr.com\/photos\/pforma\/54593575225\/in\/dateposted-family\/\" data-flickr-embed=\"true\"><img loading=\"lazy\" decoding=\"async\" src=\"https:\/\/live.staticflickr.com\/65535\/54593575225_f26cffb37b_z.jpg\" alt=\"Kuva6\" width=\"480\" height=\"640\" \/><\/a><script async src=\"\/\/embedr.flickr.com\/assets\/client-code.js\" charset=\"utf-8\"><\/script><\/p>\n<p><strong>Logistiikka\u00a0<\/strong><\/p>\n<p>Matka Hampuriin oli hyvin k\u00e4tev\u00e4. Suora lento Helsingist\u00e4, lentoaika alle 2 tuntia. Hampurin lentokent\u00e4lt\u00e4 oli puolen tunnin taksimatka hotellille. Tilasin taksin etuk\u00e4teen.<\/p>\n<p><b>Kisaan valmistautuminen<\/b><\/p>\n<p>Rekister\u00f6ityminen oli sujuvaa. Lisenssin tarkastuksen j\u00e4lkseen sai kisavarusteet. Ironman Storesta mukaan j\u00e4i jonkin verran kisakamaa ja <strong>Hokan<\/strong> todella hyv\u00e4t recovery-sandaalit.<\/p>\n<p>K\u00e4vin kokeilemassa py\u00f6r\u00e4\u00e4 parikin eri lenkki\u00e4 kun aikaa oli. Kiersin Alsterin, jossa uinti tulisi tapahtumaan. Alsterin ymp\u00e4rill\u00e4 asunnot n\u00e4yttiv\u00e4t hulppeilta. Toinen py\u00f6r\u00e4lenkkini suuntautui enemm\u00e4n kaupungin vilin\u00e4\u00e4n.<\/p>\n<p><a title=\"Kuva3\" href=\"https:\/\/www.flickr.com\/photos\/pforma\/54593268861\/in\/dateposted-family\/\" data-flickr-embed=\"true\"><img loading=\"lazy\" decoding=\"async\" src=\"https:\/\/live.staticflickr.com\/65535\/54593268861_eef903c7d7_z.jpg\" alt=\"Kuva3\" width=\"480\" height=\"640\" \/><\/a><script async src=\"\/\/embedr.flickr.com\/assets\/client-code.js\" charset=\"utf-8\"><\/script><\/p>\n<p><a title=\"Kuva4\" href=\"https:\/\/www.flickr.com\/photos\/pforma\/54593575210\/in\/dateposted-family\/\" data-flickr-embed=\"true\"><img loading=\"lazy\" decoding=\"async\" src=\"https:\/\/live.staticflickr.com\/65535\/54593575210_e43cbaafc4_z.jpg\" alt=\"Kuva4\" width=\"640\" height=\"480\" \/><\/a><script async src=\"\/\/embedr.flickr.com\/assets\/client-code.js\" charset=\"utf-8\"><\/script><\/p>\n<p>Uintikokeiluun oli varattu yksi erityinen kulma Alsterista. Siell\u00e4 oli mahdollista uida pient\u00e4 rinki\u00e4 musiikin soidessa. K\u00e4vin uimassa 500 metri\u00e4 ja havaitsin olosuhteet hyviksi.<\/p>\n<p>Kisavalmisteluihin kuului my\u00f6s juoksemisen kokeilu. Kaikki koejuoksut p\u00e4\u00e4ttyiv\u00e4t siihen, ett\u00e4 jalkaan sattui, eik\u00e4 juoksusta tullut mit\u00e4\u00e4n. Peruslenkkarit (<strong>Hoka Clifton 9<\/strong>) tuntuivat kuitenkin hieman paremmilta kuin kisakeng\u00e4t (<strong>Hoka Cielo X1<\/strong>), joten kisakeng\u00e4t eiv\u00e4t nyt p\u00e4\u00e4sseet kisaamaan.<\/p>\n<p>Vaihtopaikka oli kadulla ja kapean tilan vuoksi se oli eritt\u00e4in pitk\u00e4. Olihan kilpaillussa osallistujia yhteens\u00e4 3000. Varustepussini olivat vaihtoalueen toisessa p\u00e4\u00e4ss\u00e4 ja py\u00f6r\u00e4 toisessa. Etuk\u00e4teen hirvitti asvaltilla paljain jaloin juokseminen (kantap\u00e4\u00e4).<\/p>\n<p><strong>Kilpailup\u00e4iv\u00e4n aamu<\/strong><\/p>\n<p>Kilpailup\u00e4iv\u00e4n aamuna oli her\u00e4tys kello 04.00 Hotellissa (Scandic Emporio) oli paljon kilpailijoita. Siksi oli luontevaa, ett\u00e4 hotellissa sai aamupalaa kello 04.30 l\u00e4htien.<\/p>\n<p>Aamulla tuli j\u00e4rjest\u00e4jilt\u00e4 kisa-appiin viesti, ett\u00e4 ukkosen, sateen ja tuulen vuoksi kilpailun starttia lyk\u00e4t\u00e4\u00e4n. Ukkosta oli ennusteltu jo pidemm\u00e4n\u00a0 aikaa. Taivas n\u00e4yttikin uhkaavalta ja kohta jo salamoi. Noin 45 minuutin kuluttua tuli uusi aikataulu. Kilpailu tultaisiin viem\u00e4\u00e4n l\u00e4pi t\u00e4ysill\u00e4 matkoilla mutta l\u00e4ht\u00f6\u00e4 tiivist\u00e4en.<\/p>\n<p><a title=\"Kuva2\" href=\"https:\/\/www.flickr.com\/photos\/pforma\/54592388467\/in\/dateposted-family\/\" data-flickr-embed=\"true\"><img loading=\"lazy\" decoding=\"async\" src=\"https:\/\/live.staticflickr.com\/65535\/54592388467_7485081a31_z.jpg\" alt=\"Kuva2\" width=\"480\" height=\"640\" \/><\/a><script async src=\"\/\/embedr.flickr.com\/assets\/client-code.js\" charset=\"utf-8\"><\/script><\/p>\n<p>Sadetta tihkutti kun k\u00e4vin tarkastamassa py\u00f6r\u00e4n ja varustepussit. Kaikki oli kunnossa.<\/p>\n<p><strong>Uinti 3800 m aika 1.24\u00a0<\/strong><\/p>\n<p>My\u00f6hentyneen startin vuoksi l\u00e4ht\u00f6\u00e4 siis tiivistettiin. 3000 kilpailijaa laitettiin veteen nopeutetussa tahdissa. Se tarkoitti k\u00e4yt\u00e4nn\u00f6ss\u00e4 sit\u00e4, ett\u00e4 porukka oli hieman tavallista enemm\u00e4n kasassa. Vesi oli noin 18 asteista, eli oikein sopivaa.<\/p>\n<p>Startti oli tavanomaista Ironman show:ta. Ehk\u00e4 kuitenkin hieman vaisumpi meno kun vuosi sitten Cascaisissa.<\/p>\n<p>Uintireitti muodostui yhdest\u00e4 selke\u00e4st\u00e4 kierroksesta my\u00f6t\u00e4p\u00e4iv\u00e4\u00e4n. Suunnistaminen oli helppoa, sit\u00e4 auttoi viel\u00e4 kaksi siltaakin, joiden ali uitiin. Ehk\u00e4 hieman tavallista enemm\u00e4n oli t\u00f6nimist\u00e4, monet uivat \u00e4rsytt\u00e4v\u00e4sti mutkitellen ja tuli kosketuksia. Vedest\u00e4 noustiin Raatihuoneen edess\u00e4.<\/p>\n<p><a title=\"504593575\" href=\"https:\/\/www.flickr.com\/photos\/pforma\/54593246611\/in\/dateposted-family\/\" data-flickr-embed=\"true\"><img loading=\"lazy\" decoding=\"async\" src=\"https:\/\/live.staticflickr.com\/65535\/54593246611_8263eaabc8_z.jpg\" alt=\"504593575\" width=\"640\" height=\"426\" \/><\/a><script async src=\"\/\/embedr.flickr.com\/assets\/client-code.js\" charset=\"utf-8\"><\/script><\/p>\n<p>Uinti oli kaikenkaikkiaan ok suoritus omalla tasolla.<\/p>\n<div class=\"strava-embed-placeholder\" data-embed-type=\"activity\" data-embed-id=\"14666148359\" data-style=\"standard\" data-from-embed=\"false\"><strong>Kuva 1. Uintireitti Alsterissa.\u00a0<\/strong><\/div>\n<p><script src=\"https:\/\/strava-embeds.com\/embed.js\"><span data-mce-type=\"bookmark\" style=\"display: inline-block; width: 0px; overflow: hidden; line-height: 0;\" class=\"mce_SELRES_start\">\ufeff<\/span><\/script><\/p>\n<p><strong>Py\u00f6r\u00e4 180 km aika 6.02<\/strong><\/p>\n<p><strong>\u00a0<\/strong>Py\u00f6r\u00e4osuus alkoi kohtalaisen pitk\u00e4ll\u00e4 maantietunnelilla, jonka j\u00e4lkeen kaarrettiin kaupunkioloissa kohti kalatoria, jossa k\u00e4\u00e4nnettiin takaisinp\u00e4in. Reitti oli vauhdikas heti alussa.<\/p>\n<p><a title=\"504622142\" href=\"https:\/\/www.flickr.com\/photos\/pforma\/54593457288\/in\/dateposted-family\/\" data-flickr-embed=\"true\"><img loading=\"lazy\" decoding=\"async\" src=\"https:\/\/live.staticflickr.com\/65535\/54593457288_8872480180_z.jpg\" alt=\"504622142\" width=\"640\" height=\"426\" \/><\/a><\/p>\n<p>Kaupunkiajon j\u00e4lkeen kaarrettiin teollisuusalueelle ja sitten maaseudulle. Maaseudun maisemia oli kiva katsella, joskin erityisesti toisella kierroksella pitk\u00e4 suora alkoi puuduttamaan. Talojen edustalla oli katsojia kannustamassa ja lampaita oli jonkin verran. Alusta oli jonkin matkaa er\u00e4\u00e4nlaista tiilikiveyst\u00e4, jossa ei ollut niin kiva ajaa.<\/p>\n<p><a title=\"504689342\" href=\"https:\/\/www.flickr.com\/photos\/pforma\/54593439409\/in\/dateposted-family\/\" data-flickr-embed=\"true\"><img loading=\"lazy\" decoding=\"async\" src=\"https:\/\/live.staticflickr.com\/65535\/54593439409_6a56f632ce_z.jpg\" alt=\"504689342\" width=\"640\" height=\"426\" \/><\/a><\/p>\n<p>Matka sujui tasaisella reitill\u00e4 joutuisasti. Energiataktiikka oli geeli\u00e4 vartin v\u00e4lein ja juomaa per\u00e4\u00e4n. Energia riitti hyvin ensimm\u00e4isen kierroksen, mutta ehk\u00e4 toisella alkoi hieman vauhti hiipumaan. My\u00f6s mieliala laski ja muuttui v\u00e4linpit\u00e4m\u00e4tt\u00f6m\u00e4ksi. Outo juttu, olisiko ollut nestehukkaa? Geeli alkoi etoa eik\u00e4 patukkakaan oikein uponnut.<\/p>\n<p><a title=\"504669961\" href=\"https:\/\/www.flickr.com\/photos\/pforma\/54592365837\/in\/dateposted-family\/\" data-flickr-embed=\"true\"><img loading=\"lazy\" decoding=\"async\" src=\"https:\/\/live.staticflickr.com\/65535\/54592365837_4d6c658b31_z.jpg\" alt=\"504669961\" width=\"426\" height=\"640\" \/><\/a><\/p>\n<p>Kun l\u00e4hestyttiin vaihtoaluetta, alkoi eritt\u00e4in rankka sade. N\u00e4kyvyys oli todella heikko ja kaduilla oli 30 sentti\u00e4 vett\u00e4. T\u00e4t\u00e4 kesti kuitenkin vain v\u00e4h\u00e4n aikaa.<\/p>\n<p>Py\u00f6r\u00e4osuus oli hieman alavireinen. Tasaisella reitill\u00e4 olisi pit\u00e4nyt pysty\u00e4 kovempaan keskivauhtiin. Energiavaje ja\/tai nestehukka lienee ollut syyn\u00e4 hiipuneeseen vauhtiin.<\/p>\n<div class=\"strava-embed-placeholder\" data-embed-type=\"activity\" data-embed-id=\"14666148555\" data-style=\"standard\" data-from-embed=\"false\"><strong>Kuva 2. Py\u00f6r\u00e4reitti.<\/strong><\/div>\n<p><script src=\"https:\/\/strava-embeds.com\/embed.js\"><\/script><\/p>\n<p><strong>Juoksu 42.2 km aika 5.30\u00a0\u00a0<\/strong><\/p>\n<div data-embed-type=\"activity\" data-embed-id=\"14666148477\" data-style=\"standard\" data-from-embed=\"false\">Juoksun alussa koitti sitten se j\u00e4nnitt\u00e4v\u00e4 hetki, ett\u00e4 totuus tulisi ilmi, kest\u00e4\u00e4k\u00f6 jalka juoksemista. L\u00e4hdin varovaisesti etenem\u00e4\u00e4n eritt\u00e4in lyhyell\u00e4 ja matalalla askelella. Oli iloinen yll\u00e4tys, ett\u00e4 jalka tuntui sallivan &#8220;hiipiv\u00e4n&#8221; etenemisen.<\/div>\n<div data-embed-type=\"activity\" data-embed-id=\"14666148477\" data-style=\"standard\" data-from-embed=\"false\"><\/div>\n<div data-embed-type=\"activity\" data-embed-id=\"14666148477\" data-style=\"standard\" data-from-embed=\"false\"><span style=\"font-size: 1rem;\">Vaikeuksia\u00a0 kuitenkin oli. Energiataso oli todella alhaalla ja vatsassa tuntui pahalta.<\/span><\/div>\n<div data-embed-type=\"activity\" data-embed-id=\"14666148477\" data-style=\"standard\" data-from-embed=\"false\">\n<p><a title=\"504696827\" href=\"https:\/\/www.flickr.com\/photos\/pforma\/54593553045\/in\/dateposted-family\/\" data-flickr-embed=\"true\"><img loading=\"lazy\" decoding=\"async\" src=\"https:\/\/live.staticflickr.com\/65535\/54593553045_0df9a04bef_z.jpg\" alt=\"504696827\" width=\"426\" height=\"640\" \/><\/a><\/p>\n<p>P\u00e4\u00e4dyin oksentamaan ensimm\u00e4isen kierroksen aikana. Olin n\u00e4iss\u00e4 puuhissa Alsteria ymp\u00e4r\u00f6iv\u00e4ll\u00e4 hienostoalueella. Kohtasin paikallisen asukkaan paheksuvan tai ep\u00e4uskoisen katseen.<\/p>\n<\/div>\n<div data-embed-type=\"activity\" data-embed-id=\"14666148477\" data-style=\"standard\" data-from-embed=\"false\">Olotila hieman parani mainitun episodin j\u00e4lkeen. Sain my\u00f6s nestett\u00e4 ja energiaa sis\u00e4\u00e4n ja etenemisvauhti parani hieman aika pitk\u00e4ksikin aikaa.<\/div>\n<div data-embed-type=\"activity\" data-embed-id=\"14666148477\" data-style=\"standard\" data-from-embed=\"false\"><\/div>\n<p><a title=\"504723920\" href=\"https:\/\/www.flickr.com\/photos\/pforma\/54593246481\/in\/dateposted-family\/\" data-flickr-embed=\"true\"><img loading=\"lazy\" decoding=\"async\" src=\"https:\/\/live.staticflickr.com\/65535\/54593246481_ae12fe02ac_z.jpg\" alt=\"504723920\" width=\"640\" height=\"426\" \/><\/a><\/p>\n<p><a title=\"504736732\" href=\"https:\/\/www.flickr.com\/photos\/pforma\/54593246421\/in\/dateposted-family\/\" data-flickr-embed=\"true\"><img loading=\"lazy\" decoding=\"async\" src=\"https:\/\/live.staticflickr.com\/65535\/54593246421_345191f61e_z.jpg\" alt=\"504736732\" width=\"640\" height=\"426\" \/><\/a><script async src=\"\/\/embedr.flickr.com\/assets\/client-code.js\" charset=\"utf-8\"><\/script><\/p>\n<p>Hampurilaisyleis\u00f6 oli todella kannustava. Reitin varrella oli porukoita, jotka soittivat musiikkia ja kannustivat. N\u00e4ist\u00e4 sai voimaa huoltopisteiden ohella.<\/p>\n<p>Viimeisen kierroksen koittaessa vauhti alkoi j\u00e4lleen hiipumaan. Syyn\u00e4 olivat jalat, jotka alkoivat olla aika revityss\u00e4 kunnossa. Syyn\u00e4 varmastikin se, ett\u00e4 juoksuharjoittelu oli vammojen vuosi j\u00e4\u00e4nyt melko v\u00e4h\u00e4iseksi.<\/p>\n<p>Juoksin kuitenkin koko ajan, joskin vauhti oli todella hidasta.<\/p>\n<p><a title=\"504766763\" href=\"https:\/\/www.flickr.com\/photos\/pforma\/54593457113\/in\/dateposted-family\/\" data-flickr-embed=\"true\"><img loading=\"lazy\" decoding=\"async\" src=\"https:\/\/live.staticflickr.com\/65535\/54593457113_00ee21af07_z.jpg\" alt=\"504766763\" width=\"640\" height=\"426\" \/><\/a><script async src=\"\/\/embedr.flickr.com\/assets\/client-code.js\" charset=\"utf-8\"><\/script><\/p>\n<p><a title=\"504785813\" href=\"https:\/\/www.flickr.com\/photos\/pforma\/54593552935\/in\/dateposted-family\/\" data-flickr-embed=\"true\"><img loading=\"lazy\" decoding=\"async\" src=\"https:\/\/live.staticflickr.com\/65535\/54593552935_048bb43e4f_z.jpg\" alt=\"504785813\" width=\"640\" height=\"427\" \/><\/a><script async src=\"\/\/embedr.flickr.com\/assets\/client-code.js\" charset=\"utf-8\"><\/script><\/p>\n<p>Aika maratonilla oli surkea, j\u00e4in viime vuoden juoksusta yli tunnin. Juoksu oli t\u00e4ll\u00e4 kertaa vammojen vuoksi selviytymistaistelu, joka tuotti l\u00e4pimenneen suorituksen ja mitalin.<\/p>\n<p>Kokonaisaika oli 13.19 ja j\u00e4i viime vuoden ajasta reippaasti huonon juoksun vuoksi.<\/p>\n<p><strong>Kuva 3. Juoksureitti.<\/strong><\/p>\n<div class=\"strava-embed-placeholder\" data-embed-type=\"activity\" data-embed-id=\"14666148477\" data-style=\"standard\" data-from-embed=\"false\"><\/div>\n<p><script src=\"https:\/\/strava-embeds.com\/embed.js\"><\/script><\/p>\n<p><strong>J\u00e4lkimietteet<\/strong><\/p>\n<p>Tuloksellisesti kisa oli huono, mutta toisaalta v\u00e4ltin keskeytt\u00e4misen tai kisan j\u00e4tt\u00e4misen v\u00e4liin. N\u00e4in alussa mainittu pitk\u00e4n aikav\u00e4lin tavoite on taas yht\u00e4 mitalia l\u00e4hemp\u00e4n\u00e4. T\u00e4st\u00e4 varmaankin kannattaa olla tyytyv\u00e4inen, vaikka Hampurin olosuhteet olisivat paremmassa kunnossa tarjonneet puitteet hyv\u00e4lle tulokselle.<\/p>\n<p>Valmistautuminen kisaan oli raskasta muutenkin kuin vammojen vuoksi. Treeniviikot koostuivat parhaimmillaan 15-17 tunnin harjoitusm\u00e4\u00e4rist\u00e4. Treenien sovittaminen t\u00f6iden lomaan oli v\u00e4lill\u00e4 vaikeaa ja henkisestikin oli raskasta. T\u00e4ysmatkalle treenaaminen on vaativaa! Testijuoksu j\u00e4i vammojen vuoksi v\u00e4liin. Avovedess\u00e4 kvin kerran ennen kisaa! Pidemm\u00e4n py\u00f6r\u00e4n k\u00e4vin tekem\u00e4ss\u00e4 <strong>Gravel Primavera Borg\u00e5n<\/strong> merkeiss\u00e4.<\/p>\n<p><strong>Miten t\u00e4st\u00e4 eteenp\u00e4in?\u00a0<\/strong><\/p>\n<p>T\u00e4t\u00e4 kirjoittaessa selvittelyt jalkavammojen laadusta ovat kesken. Juoksuharjoittelu on edelleen seis. L\u00e4\u00e4k\u00e4rik\u00e4yntien j\u00e4lkeen selvi\u00e4\u00e4, miten treeni\u00e4 on mahdollista jatkaa. Vierum\u00e4elle ei ainakaan tule nyt osallistuttua, eik\u00e4 todenn\u00e4k\u00f6isesti Turkuunkaan. N\u00e4in ollen kisat taisivat t\u00e4lt\u00e4 vuodelta olla t\u00e4ss\u00e4.<\/p>\n<p>Py\u00f6r\u00e4ilyn sujuessa ongelmitta py\u00f6r\u00e4kilsoja tulee varmaan kertym\u00e4\u00e4n kohtalaisesti. &#8220;Tile hunting&#8221; voi olla ohjelmassa ja ehk\u00e4 teen jotain erikoisjuttuja, kuten py\u00f6r\u00e4ilen Turusta Karjaalle ja ehk\u00e4 teen jonkun ty\u00f6matkan Helsingiin py\u00f6r\u00e4ll\u00e4.<\/p>\n<p>Jos t\u00e4st\u00e4 toivutaan niin ensi vuonna voisi olla ohjelmassa <strong>Ironman Nizza<\/strong>. Sit\u00e4 ennen viisasta treeni\u00e4, onhan t\u00e4ss\u00e4 kropan rajoja kolkuteltu t\u00e4n\u00e4 vuonna.<\/p>\n","protected":false},"excerpt":{"rendered":"<p>Tavoitteenani on suorittaa kymmenen triathlonin t\u00e4ysmatkaa ennen kuin t\u00e4yt\u00e4n 60-vuotta. Projekti etenee hyvin, sill\u00e4 viime vuoden kisa Portugalissa oli kuudes ja t\u00e4yt\u00e4n &#8220;vasta&#8221; 55 vuotta t\u00e4n\u00e4 vuonna. T\u00e4m\u00e4n vuoden kisaksi valikoitui Ironman Hamburg. Valintaan vaikutti sujuva logistiikka ja tasainen rata. Uutena kokemuksena oli kisan sijoittuminen heti kes\u00e4n alkuun. T\u00e4m\u00e4 on merkityksellist\u00e4 harjoittelun kannalta, koska kes\u00e4lomalla &hellip; <\/p>\n<p class=\"link-more\"><a href=\"https:\/\/www.blogi.pauliforma.fi\/wordpress\/ironman-hamburg-2025\/\" class=\"more-link\">Continue reading<span class=\"screen-reader-text\"> &#8220;Ironman Hamburg 2025&#8221;<\/span><\/a><\/p>\n","protected":false},"author":1,"featured_media":0,"comment_status":"open","ping_status":"closed","sticky":false,"template":"","format":"standard","meta":{"_monsterinsights_skip_tracking":false,"_monsterinsights_sitenote_active":false,"_monsterinsights_sitenote_note":"","_monsterinsights_sitenote_category":0,"footnotes":""},"categories":[44,58],"tags":[],"class_list":["post-3820","post","type-post","status-publish","format-standard","hentry","category-kisaraportit","category-triathlon"],"yoast_head":"<!-- This site is optimized with the Yoast SEO plugin v27.7 - https:\/\/yoast.com\/product\/yoast-seo-wordpress\/ -->\n<title>Ironman Hamburg 2025 - Pauli Forman blogi<\/title>\n<meta name=\"description\" content=\"Artikkeli on raportti Ironman Hamburg t\u00e4ysmatkan triathlon-kisasta kes\u00e4kuussa 2025. kisa oli Euroopan mestaruuskisa pro-sarjan naisille.\" \/>\n<meta name=\"robots\" content=\"index, follow, max-snippet:-1, max-image-preview:large, max-video-preview:-1\" \/>\n<link rel=\"canonical\" href=\"https:\/\/www.blogi.pauliforma.fi\/wordpress\/ironman-hamburg-2025\/\" \/>\n<meta property=\"og:locale\" content=\"en_US\" \/>\n<meta property=\"og:type\" content=\"article\" \/>\n<meta property=\"og:title\" content=\"Ironman Hamburg 2025 - Pauli Forman blogi\" \/>\n<meta property=\"og:description\" content=\"Artikkeli on raportti Ironman Hamburg t\u00e4ysmatkan triathlon-kisasta kes\u00e4kuussa 2025. kisa oli Euroopan mestaruuskisa pro-sarjan naisille.\" \/>\n<meta property=\"og:url\" content=\"https:\/\/www.blogi.pauliforma.fi\/wordpress\/ironman-hamburg-2025\/\" \/>\n<meta property=\"og:site_name\" content=\"Pauli Forman blogi\" \/>\n<meta property=\"article:published_time\" content=\"2025-06-16T15:16:13+00:00\" \/>\n<meta property=\"article:modified_time\" content=\"2025-06-17T16:30:15+00:00\" \/>\n<meta property=\"og:image\" content=\"https:\/\/live.staticflickr.com\/65535\/54593575250_d8ace86f07_z.jpg\" \/>\n<meta name=\"author\" content=\"Pauli\" \/>\n<meta name=\"twitter:card\" content=\"summary_large_image\" \/>\n<meta name=\"twitter:creator\" content=\"@paufor\" \/>\n<meta name=\"twitter:site\" content=\"@paufor\" \/>\n<meta name=\"twitter:label1\" content=\"Written by\" \/>\n\t<meta name=\"twitter:data1\" content=\"Pauli\" \/>\n\t<meta name=\"twitter:label2\" content=\"Est. reading time\" \/>\n\t<meta name=\"twitter:data2\" content=\"9 minutes\" \/>\n<script type=\"application\/ld+json\" class=\"yoast-schema-graph\">{\"@context\":\"https:\\\/\\\/schema.org\",\"@graph\":[{\"@type\":\"Article\",\"@id\":\"https:\\\/\\\/www.blogi.pauliforma.fi\\\/wordpress\\\/ironman-hamburg-2025\\\/#article\",\"isPartOf\":{\"@id\":\"https:\\\/\\\/www.blogi.pauliforma.fi\\\/wordpress\\\/ironman-hamburg-2025\\\/\"},\"author\":{\"name\":\"Pauli\",\"@id\":\"https:\\\/\\\/www.blogi.pauliforma.fi\\\/wordpress\\\/#\\\/schema\\\/person\\\/3a41b7cacf9bee4a5a755660888e98f9\"},\"headline\":\"Ironman Hamburg 2025\",\"datePublished\":\"2025-06-16T15:16:13+00:00\",\"dateModified\":\"2025-06-17T16:30:15+00:00\",\"mainEntityOfPage\":{\"@id\":\"https:\\\/\\\/www.blogi.pauliforma.fi\\\/wordpress\\\/ironman-hamburg-2025\\\/\"},\"wordCount\":1527,\"commentCount\":0,\"image\":{\"@id\":\"https:\\\/\\\/www.blogi.pauliforma.fi\\\/wordpress\\\/ironman-hamburg-2025\\\/#primaryimage\"},\"thumbnailUrl\":\"https:\\\/\\\/live.staticflickr.com\\\/65535\\\/54593575250_d8ace86f07_z.jpg\",\"articleSection\":[\"Kisaraportit\",\"Triathlon\"],\"inLanguage\":\"en\",\"potentialAction\":[{\"@type\":\"CommentAction\",\"name\":\"Comment\",\"target\":[\"https:\\\/\\\/www.blogi.pauliforma.fi\\\/wordpress\\\/ironman-hamburg-2025\\\/#respond\"]}]},{\"@type\":\"WebPage\",\"@id\":\"https:\\\/\\\/www.blogi.pauliforma.fi\\\/wordpress\\\/ironman-hamburg-2025\\\/\",\"url\":\"https:\\\/\\\/www.blogi.pauliforma.fi\\\/wordpress\\\/ironman-hamburg-2025\\\/\",\"name\":\"Ironman Hamburg 2025 - Pauli Forman blogi\",\"isPartOf\":{\"@id\":\"https:\\\/\\\/www.blogi.pauliforma.fi\\\/wordpress\\\/#website\"},\"primaryImageOfPage\":{\"@id\":\"https:\\\/\\\/www.blogi.pauliforma.fi\\\/wordpress\\\/ironman-hamburg-2025\\\/#primaryimage\"},\"image\":{\"@id\":\"https:\\\/\\\/www.blogi.pauliforma.fi\\\/wordpress\\\/ironman-hamburg-2025\\\/#primaryimage\"},\"thumbnailUrl\":\"https:\\\/\\\/live.staticflickr.com\\\/65535\\\/54593575250_d8ace86f07_z.jpg\",\"datePublished\":\"2025-06-16T15:16:13+00:00\",\"dateModified\":\"2025-06-17T16:30:15+00:00\",\"author\":{\"@id\":\"https:\\\/\\\/www.blogi.pauliforma.fi\\\/wordpress\\\/#\\\/schema\\\/person\\\/3a41b7cacf9bee4a5a755660888e98f9\"},\"description\":\"Artikkeli on raportti Ironman Hamburg t\u00e4ysmatkan triathlon-kisasta kes\u00e4kuussa 2025. kisa oli Euroopan mestaruuskisa pro-sarjan naisille.\",\"breadcrumb\":{\"@id\":\"https:\\\/\\\/www.blogi.pauliforma.fi\\\/wordpress\\\/ironman-hamburg-2025\\\/#breadcrumb\"},\"inLanguage\":\"en\",\"potentialAction\":[{\"@type\":\"ReadAction\",\"target\":[\"https:\\\/\\\/www.blogi.pauliforma.fi\\\/wordpress\\\/ironman-hamburg-2025\\\/\"]}]},{\"@type\":\"ImageObject\",\"inLanguage\":\"en\",\"@id\":\"https:\\\/\\\/www.blogi.pauliforma.fi\\\/wordpress\\\/ironman-hamburg-2025\\\/#primaryimage\",\"url\":\"https:\\\/\\\/live.staticflickr.com\\\/65535\\\/54593575250_d8ace86f07_z.jpg\",\"contentUrl\":\"https:\\\/\\\/live.staticflickr.com\\\/65535\\\/54593575250_d8ace86f07_z.jpg\"},{\"@type\":\"BreadcrumbList\",\"@id\":\"https:\\\/\\\/www.blogi.pauliforma.fi\\\/wordpress\\\/ironman-hamburg-2025\\\/#breadcrumb\",\"itemListElement\":[{\"@type\":\"ListItem\",\"position\":1,\"name\":\"Home\",\"item\":\"https:\\\/\\\/www.blogi.pauliforma.fi\\\/wordpress\\\/\"},{\"@type\":\"ListItem\",\"position\":2,\"name\":\"Ironman Hamburg 2025\"}]},{\"@type\":\"WebSite\",\"@id\":\"https:\\\/\\\/www.blogi.pauliforma.fi\\\/wordpress\\\/#website\",\"url\":\"https:\\\/\\\/www.blogi.pauliforma.fi\\\/wordpress\\\/\",\"name\":\"Pauli Forman blogi\",\"description\":\"Kirjoituksia liikuntaharrastuksista\",\"potentialAction\":[{\"@type\":\"SearchAction\",\"target\":{\"@type\":\"EntryPoint\",\"urlTemplate\":\"https:\\\/\\\/www.blogi.pauliforma.fi\\\/wordpress\\\/?s={search_term_string}\"},\"query-input\":{\"@type\":\"PropertyValueSpecification\",\"valueRequired\":true,\"valueName\":\"search_term_string\"}}],\"inLanguage\":\"en\"},{\"@type\":\"Person\",\"@id\":\"https:\\\/\\\/www.blogi.pauliforma.fi\\\/wordpress\\\/#\\\/schema\\\/person\\\/3a41b7cacf9bee4a5a755660888e98f9\",\"name\":\"Pauli\",\"image\":{\"@type\":\"ImageObject\",\"inLanguage\":\"en\",\"@id\":\"https:\\\/\\\/secure.gravatar.com\\\/avatar\\\/a73a17880042594bb4df231270e6a0814ac3e2411e0db5707c24b2d4f8024b43?s=96&d=mm&r=g\",\"url\":\"https:\\\/\\\/secure.gravatar.com\\\/avatar\\\/a73a17880042594bb4df231270e6a0814ac3e2411e0db5707c24b2d4f8024b43?s=96&d=mm&r=g\",\"contentUrl\":\"https:\\\/\\\/secure.gravatar.com\\\/avatar\\\/a73a17880042594bb4df231270e6a0814ac3e2411e0db5707c24b2d4f8024b43?s=96&d=mm&r=g\",\"caption\":\"Pauli\"},\"sameAs\":[\"http:\\\/\\\/www.pauliforma.fi\"],\"url\":\"https:\\\/\\\/www.blogi.pauliforma.fi\\\/wordpress\\\/author\\\/admin\\\/\"}]}<\/script>\n<!-- \/ Yoast SEO plugin. -->","yoast_head_json":{"title":"Ironman Hamburg 2025 - Pauli Forman blogi","description":"Artikkeli on raportti Ironman Hamburg t\u00e4ysmatkan triathlon-kisasta kes\u00e4kuussa 2025. kisa oli Euroopan mestaruuskisa pro-sarjan naisille.","robots":{"index":"index","follow":"follow","max-snippet":"max-snippet:-1","max-image-preview":"max-image-preview:large","max-video-preview":"max-video-preview:-1"},"canonical":"https:\/\/www.blogi.pauliforma.fi\/wordpress\/ironman-hamburg-2025\/","og_locale":"en_US","og_type":"article","og_title":"Ironman Hamburg 2025 - Pauli Forman blogi","og_description":"Artikkeli on raportti Ironman Hamburg t\u00e4ysmatkan triathlon-kisasta kes\u00e4kuussa 2025. kisa oli Euroopan mestaruuskisa pro-sarjan naisille.","og_url":"https:\/\/www.blogi.pauliforma.fi\/wordpress\/ironman-hamburg-2025\/","og_site_name":"Pauli Forman blogi","article_published_time":"2025-06-16T15:16:13+00:00","article_modified_time":"2025-06-17T16:30:15+00:00","og_image":[{"url":"https:\/\/live.staticflickr.com\/65535\/54593575250_d8ace86f07_z.jpg","type":"","width":"","height":""}],"author":"Pauli","twitter_card":"summary_large_image","twitter_creator":"@paufor","twitter_site":"@paufor","twitter_misc":{"Written by":"Pauli","Est. reading time":"9 minutes"},"schema":{"@context":"https:\/\/schema.org","@graph":[{"@type":"Article","@id":"https:\/\/www.blogi.pauliforma.fi\/wordpress\/ironman-hamburg-2025\/#article","isPartOf":{"@id":"https:\/\/www.blogi.pauliforma.fi\/wordpress\/ironman-hamburg-2025\/"},"author":{"name":"Pauli","@id":"https:\/\/www.blogi.pauliforma.fi\/wordpress\/#\/schema\/person\/3a41b7cacf9bee4a5a755660888e98f9"},"headline":"Ironman Hamburg 2025","datePublished":"2025-06-16T15:16:13+00:00","dateModified":"2025-06-17T16:30:15+00:00","mainEntityOfPage":{"@id":"https:\/\/www.blogi.pauliforma.fi\/wordpress\/ironman-hamburg-2025\/"},"wordCount":1527,"commentCount":0,"image":{"@id":"https:\/\/www.blogi.pauliforma.fi\/wordpress\/ironman-hamburg-2025\/#primaryimage"},"thumbnailUrl":"https:\/\/live.staticflickr.com\/65535\/54593575250_d8ace86f07_z.jpg","articleSection":["Kisaraportit","Triathlon"],"inLanguage":"en","potentialAction":[{"@type":"CommentAction","name":"Comment","target":["https:\/\/www.blogi.pauliforma.fi\/wordpress\/ironman-hamburg-2025\/#respond"]}]},{"@type":"WebPage","@id":"https:\/\/www.blogi.pauliforma.fi\/wordpress\/ironman-hamburg-2025\/","url":"https:\/\/www.blogi.pauliforma.fi\/wordpress\/ironman-hamburg-2025\/","name":"Ironman Hamburg 2025 - Pauli Forman blogi","isPartOf":{"@id":"https:\/\/www.blogi.pauliforma.fi\/wordpress\/#website"},"primaryImageOfPage":{"@id":"https:\/\/www.blogi.pauliforma.fi\/wordpress\/ironman-hamburg-2025\/#primaryimage"},"image":{"@id":"https:\/\/www.blogi.pauliforma.fi\/wordpress\/ironman-hamburg-2025\/#primaryimage"},"thumbnailUrl":"https:\/\/live.staticflickr.com\/65535\/54593575250_d8ace86f07_z.jpg","datePublished":"2025-06-16T15:16:13+00:00","dateModified":"2025-06-17T16:30:15+00:00","author":{"@id":"https:\/\/www.blogi.pauliforma.fi\/wordpress\/#\/schema\/person\/3a41b7cacf9bee4a5a755660888e98f9"},"description":"Artikkeli on raportti Ironman Hamburg t\u00e4ysmatkan triathlon-kisasta kes\u00e4kuussa 2025. kisa oli Euroopan mestaruuskisa pro-sarjan naisille.","breadcrumb":{"@id":"https:\/\/www.blogi.pauliforma.fi\/wordpress\/ironman-hamburg-2025\/#breadcrumb"},"inLanguage":"en","potentialAction":[{"@type":"ReadAction","target":["https:\/\/www.blogi.pauliforma.fi\/wordpress\/ironman-hamburg-2025\/"]}]},{"@type":"ImageObject","inLanguage":"en","@id":"https:\/\/www.blogi.pauliforma.fi\/wordpress\/ironman-hamburg-2025\/#primaryimage","url":"https:\/\/live.staticflickr.com\/65535\/54593575250_d8ace86f07_z.jpg","contentUrl":"https:\/\/live.staticflickr.com\/65535\/54593575250_d8ace86f07_z.jpg"},{"@type":"BreadcrumbList","@id":"https:\/\/www.blogi.pauliforma.fi\/wordpress\/ironman-hamburg-2025\/#breadcrumb","itemListElement":[{"@type":"ListItem","position":1,"name":"Home","item":"https:\/\/www.blogi.pauliforma.fi\/wordpress\/"},{"@type":"ListItem","position":2,"name":"Ironman Hamburg 2025"}]},{"@type":"WebSite","@id":"https:\/\/www.blogi.pauliforma.fi\/wordpress\/#website","url":"https:\/\/www.blogi.pauliforma.fi\/wordpress\/","name":"Pauli Forman blogi","description":"Kirjoituksia liikuntaharrastuksista","potentialAction":[{"@type":"SearchAction","target":{"@type":"EntryPoint","urlTemplate":"https:\/\/www.blogi.pauliforma.fi\/wordpress\/?s={search_term_string}"},"query-input":{"@type":"PropertyValueSpecification","valueRequired":true,"valueName":"search_term_string"}}],"inLanguage":"en"},{"@type":"Person","@id":"https:\/\/www.blogi.pauliforma.fi\/wordpress\/#\/schema\/person\/3a41b7cacf9bee4a5a755660888e98f9","name":"Pauli","image":{"@type":"ImageObject","inLanguage":"en","@id":"https:\/\/secure.gravatar.com\/avatar\/a73a17880042594bb4df231270e6a0814ac3e2411e0db5707c24b2d4f8024b43?s=96&d=mm&r=g","url":"https:\/\/secure.gravatar.com\/avatar\/a73a17880042594bb4df231270e6a0814ac3e2411e0db5707c24b2d4f8024b43?s=96&d=mm&r=g","contentUrl":"https:\/\/secure.gravatar.com\/avatar\/a73a17880042594bb4df231270e6a0814ac3e2411e0db5707c24b2d4f8024b43?s=96&d=mm&r=g","caption":"Pauli"},"sameAs":["http:\/\/www.pauliforma.fi"],"url":"https:\/\/www.blogi.pauliforma.fi\/wordpress\/author\/admin\/"}]}},"_links":{"self":[{"href":"https:\/\/www.blogi.pauliforma.fi\/wordpress\/wp-json\/wp\/v2\/posts\/3820","targetHints":{"allow":["GET"]}}],"collection":[{"href":"https:\/\/www.blogi.pauliforma.fi\/wordpress\/wp-json\/wp\/v2\/posts"}],"about":[{"href":"https:\/\/www.blogi.pauliforma.fi\/wordpress\/wp-json\/wp\/v2\/types\/post"}],"author":[{"embeddable":true,"href":"https:\/\/www.blogi.pauliforma.fi\/wordpress\/wp-json\/wp\/v2\/users\/1"}],"replies":[{"embeddable":true,"href":"https:\/\/www.blogi.pauliforma.fi\/wordpress\/wp-json\/wp\/v2\/comments?post=3820"}],"version-history":[{"count":17,"href":"https:\/\/www.blogi.pauliforma.fi\/wordpress\/wp-json\/wp\/v2\/posts\/3820\/revisions"}],"predecessor-version":[{"id":3838,"href":"https:\/\/www.blogi.pauliforma.fi\/wordpress\/wp-json\/wp\/v2\/posts\/3820\/revisions\/3838"}],"wp:attachment":[{"href":"https:\/\/www.blogi.pauliforma.fi\/wordpress\/wp-json\/wp\/v2\/media?parent=3820"}],"wp:term":[{"taxonomy":"category","embeddable":true,"href":"https:\/\/www.blogi.pauliforma.fi\/wordpress\/wp-json\/wp\/v2\/categories?post=3820"},{"taxonomy":"post_tag","embeddable":true,"href":"https:\/\/www.blogi.pauliforma.fi\/wordpress\/wp-json\/wp\/v2\/tags?post=3820"}],"curies":[{"name":"wp","href":"https:\/\/api.w.org\/{rel}","templated":true}]}}