{"id":3606,"date":"2019-06-03T20:26:15","date_gmt":"2019-06-03T17:26:15","guid":{"rendered":"http:\/\/www.blogi.pauliforma.fi\/wordpress\/?p=3606"},"modified":"2019-06-03T20:26:15","modified_gmt":"2019-06-03T17:26:15","slug":"tuusulanjarvi-triathlon-2019","status":"publish","type":"post","link":"https:\/\/www.blogi.pauliforma.fi\/wordpress\/tuusulanjarvi-triathlon-2019\/","title":{"rendered":"Tuusulanj\u00e4rvi Triathlon 2019"},"content":{"rendered":"<p>Osallistuin viime viikonloppuna kolmatta kertaa <strong>Tuusulanj\u00e4rvi Triathloniin<\/strong>. Jo perinteeksi on muodostunut, ett\u00e4 t\u00e4h\u00e4n alkukes\u00e4n kisaan valmistautumisessa keskeinen elementti ja keskustelun aihe on uimaveden l\u00e4mp\u00f6tila. T\u00e4n\u00e4 vuonna t\u00e4m\u00e4 spekulaatio loppui kun kisapaikalla ilmoitettiin veden l\u00e4mp\u00f6tilaksi 14.7 astetta ja ett\u00e4 uintimatkat uidaan t\u00e4ysim\u00e4\u00e4r\u00e4isin\u00e4.<\/p>\n<p>Kisamateriaalien hakemisen j\u00e4lkeen katselin sprintin l\u00e4hd\u00f6n ja seurasin kun ensimm\u00e4iset kilpailijat nousivat vedest\u00e4. Sopivasti ehdin seuraamaan <strong>Alexander Stubbin<\/strong> toimintaa T1:ll\u00e4 ja siirtymist\u00e4 py\u00f6r\u00e4ilyosuudelle.<\/p>\n<p><iframe loading=\"lazy\" src=\"https:\/\/www.youtube.com\/embed\/BW9MH8vNES8\" width=\"560\" height=\"315\" frameborder=\"0\" allowfullscreen=\"allowfullscreen\"><\/iframe><\/p>\n<p><a title=\"IMG_8395\" href=\"https:\/\/www.flickr.com\/photos\/pforma\/47995054901\/in\/dateposted-family\/\" data-flickr-embed=\"true\"><img loading=\"lazy\" decoding=\"async\" src=\"https:\/\/live.staticflickr.com\/65535\/47995054901_40149c8378_c.jpg\" alt=\"IMG_8395\" width=\"800\" height=\"600\" \/><\/a><script async src=\"\/\/embedr.flickr.com\/assets\/client-code.js\" charset=\"utf-8\"><\/script><\/p>\n<p><a title=\"IMG_8402\" href=\"https:\/\/www.flickr.com\/photos\/pforma\/47995054101\/in\/dateposted-family\/\" data-flickr-embed=\"true\"><img loading=\"lazy\" decoding=\"async\" src=\"https:\/\/live.staticflickr.com\/65535\/47995054101_18e16640d0_c.jpg\" alt=\"IMG_8402\" width=\"800\" height=\"600\" \/><\/a><script async src=\"\/\/embedr.flickr.com\/assets\/client-code.js\" charset=\"utf-8\"><\/script><\/p>\n<p><a title=\"IMG_8406\" href=\"https:\/\/www.flickr.com\/photos\/pforma\/47995053901\/in\/dateposted-family\/\" data-flickr-embed=\"true\"><img loading=\"lazy\" decoding=\"async\" src=\"https:\/\/live.staticflickr.com\/65535\/47995053901_017f662f24_c.jpg\" alt=\"IMG_8406\" width=\"600\" height=\"800\" \/><\/a><script async src=\"\/\/embedr.flickr.com\/assets\/client-code.js\" charset=\"utf-8\"><\/script><\/p>\n<p><a title=\"IMG_8408\" href=\"https:\/\/www.flickr.com\/photos\/pforma\/47995007568\/in\/dateposted-family\/\" data-flickr-embed=\"true\"><img loading=\"lazy\" decoding=\"async\" src=\"https:\/\/live.staticflickr.com\/65535\/47995007568_d5bc1090f0_c.jpg\" alt=\"IMG_8408\" width=\"800\" height=\"600\" \/><\/a><script async src=\"\/\/embedr.flickr.com\/assets\/client-code.js\" charset=\"utf-8\"><\/script><\/p>\n<p><a title=\"IMG_8411\" href=\"https:\/\/www.flickr.com\/photos\/pforma\/47995007408\/in\/dateposted-family\/\" data-flickr-embed=\"true\"><img loading=\"lazy\" decoding=\"async\" src=\"https:\/\/live.staticflickr.com\/65535\/47995007408_af8e3c63d3_c.jpg\" alt=\"IMG_8411\" width=\"800\" height=\"600\" \/><\/a><script async src=\"\/\/embedr.flickr.com\/assets\/client-code.js\" charset=\"utf-8\"><\/script><\/p>\n<p>Kirpe\u00e4 keli oli p\u00e4iv\u00e4n teema. Erityisen viile\u00e4lt\u00e4 keli tuntui kun varusteita laittaessani vihmoi hieman vett\u00e4. Kun k\u00e4vin &#8220;adaptoitumassa\u00a0 uimaveteen&#8221; <span style=\"display: inline !important; float: none; background-color: transparent; color: #1a1a1a; font-family: Merriweather,Georgia,serif; font-size: 16px; font-style: normal; font-variant: normal; font-weight: 400; letter-spacing: normal; orphans: 2; text-align: left; text-decoration: none; text-indent: 0px; text-transform: none; -webkit-text-stroke-width: 0px; white-space: normal; word-spacing: 0px;\">(kuuluttajan k\u00e4ytt\u00e4m\u00e4 ilmaisu)<\/span> ennen l\u00e4ht\u00f6\u00e4 huomasin, ett\u00e4 vesi tosiaan oli viile\u00e4\u00e4 ja se tuntui erityisesti kasvoissa ja varpaissa. Osa kilpailijoista oli varustautunut &#8220;ylim\u00e4\u00e4r\u00e4isill\u00e4&#8221; neopreeniv\u00e4lineill\u00e4, kuten lakeilla, hanskoilla ja sukilla.<\/p>\n<p>Kun sitten l\u00e4hdettiin tositoimiin, viile\u00e4 vesi tuntui my\u00f6s pienoisena hengityksen salpautumisena. Uinti kuitenkin sujui hyvin, merkitt\u00e4vi\u00e4 ruuhkia ei ollut ja poijut pysyiv\u00e4t hyvin n\u00e4k\u00f6kent\u00e4ss\u00e4 koko ajan. Kun uintiosuus oli ohi, vilkaisin kelloa ja huomasin ajan alkavan kolmosella, joka oli pettymys.<\/p>\n<p>T1:ll\u00e4 toiminta meni ihan kohtalaisesti, vaikkakin paikat olivat aika kohmeessa. My\u00f6s py\u00f6r\u00e4lle nouseminen ja Edgen p\u00e4\u00e4ll\u00e4 kytkeminen oli hieman takkuista.<\/p>\n<p>Varsinainen takaisku datailun n\u00e4k\u00f6kulmasta oli kuitenkin se, ett\u00e4 huomasin jo jonkin aikaa py\u00f6r\u00e4ilty\u00e4ni, ett\u00e4 olin unohtanut painaa kellosta py\u00f6r\u00e4ilyn alkaneeksi. N\u00e4in sek\u00e4 T1 aika ett\u00e4 py\u00f6r\u00e4ilyn aika tulivat mitatuiksi v\u00e4\u00e4rin.<\/p>\n<p>Py\u00f6r\u00e4ilyss\u00e4 oli viile\u00e4t kelit, koska olin pukeutunut vain kevyeen kisa-asuun. En ottanut edes irtohihoja vaikka olin varannut ne vaihtokamojen laatikkoon. Aika monet n\u00e4yttiv\u00e4t ottaneen jos jonkinlaista l\u00e4mmint\u00e4 vaatetta py\u00f6r\u00e4ilyyn. Py\u00f6r\u00e4osuus meni ihan hyvin, hieman py\u00f6r\u00e4n etup\u00e4\u00e4n t\u00e4rist\u00e4minen haittasi. Oletan, ett\u00e4 se johtui pullotelineest\u00e4, pit\u00e4\u00e4 laittaa siihen hieman pehmikkeit\u00e4.<\/p>\n<p>T2 sujui hyvin ja p\u00e4\u00e4sin mukavasti juoksuosuudelle. Juoksussa huomasin, ett\u00e4 jalkapohjat olivat kylm\u00e4st\u00e4 aivan tunnottomat. Jalkapohjien sulattelu kesti suurin piirtein ensimm\u00e4isen kierroksen eli 5 km.<\/p>\n<p>Juoksu tuntui muuten aika helpolta ja jolkottelin hieman yli 5 km kilometrivauhtia. Jalkapohjatkin sulivat matkan edetess\u00e4. Sitten olinkin jo maalissa.<\/p>\n<p>Maaliin tullessani pohdin, ett\u00e4 uinti meni alakanttiin, py\u00f6r\u00e4ily ok ja juoksu oli yll\u00e4tt\u00e4v\u00e4n hyv\u00e4. T\u00e4m\u00e4n kerroin my\u00f6s maaliin tulon j\u00e4lkeen ensi kertaa liven\u00e4 tapaamalleni <strong>Pontukselle<\/strong>, joka on tuttu Facebookin Triathlonfoorumilta ja yll\u00e4pit\u00e4\u00e4 hyv\u00e4\u00e4 lajiin liittyv\u00e4\u00e4 <a href=\"https:\/\/sjostrompontus.blogspot.com\/?fbclid=IwAR3iHo2ec66apyQDsP1rBWLPtx0AIcJJv_Jp5kJvxPBIQfVseFGCIAmv_tc\">blogia<\/a>.<\/p>\n<p>Tuusulanj\u00e4rvi Triathlon oli j\u00e4lleen j\u00e4rjestelyilt\u00e4\u00e4n erinomainen. Juoksureitti oli aikaisempaa selke\u00e4mpi ja py\u00f6r\u00e4ilyn k\u00e4\u00e4nt\u00f6paikka oli paremmassa kohdassa kuin aikaisemmin. Erikoismaininta j\u00e4rjest\u00e4jien v\u00e4sym\u00e4tt\u00f6m\u00e4st\u00e4 kannustuksesta.<\/p>\n<p>Kun my\u00f6hemmin kaivoin dataa esiin viime vuoden kisasta ja vertasin eri lajeihin k\u00e4ytetty\u00e4 aikaa, huomasin, ett\u00e4 ajat olivat suorastaan h\u00e4mment\u00e4v\u00e4n samat. Uintikin, jonka pohdin menneen alakanttiin, oli minuutin sis\u00e4ll\u00e4 viime vuoden ajasta. N\u00e4in tuli todistettua asia josta lauantaina bloggasin: kunto on kev\u00e4isin aina samalla tasolla.<\/p>\n","protected":false},"excerpt":{"rendered":"<p>Osallistuin viime viikonloppuna kolmatta kertaa Tuusulanj\u00e4rvi Triathloniin. Jo perinteeksi on muodostunut, ett\u00e4 t\u00e4h\u00e4n alkukes\u00e4n kisaan valmistautumisessa keskeinen elementti ja keskustelun aihe on uimaveden l\u00e4mp\u00f6tila. T\u00e4n\u00e4 vuonna t\u00e4m\u00e4 spekulaatio loppui kun kisapaikalla ilmoitettiin veden l\u00e4mp\u00f6tilaksi 14.7 astetta ja ett\u00e4 uintimatkat uidaan t\u00e4ysim\u00e4\u00e4r\u00e4isin\u00e4. Kisamateriaalien hakemisen j\u00e4lkeen katselin sprintin l\u00e4hd\u00f6n ja seurasin kun ensimm\u00e4iset kilpailijat nousivat vedest\u00e4. Sopivasti &hellip; <\/p>\n<p class=\"link-more\"><a href=\"https:\/\/www.blogi.pauliforma.fi\/wordpress\/tuusulanjarvi-triathlon-2019\/\" class=\"more-link\">Continue reading<span class=\"screen-reader-text\"> &#8220;Tuusulanj\u00e4rvi Triathlon 2019&#8221;<\/span><\/a><\/p>\n","protected":false},"author":1,"featured_media":0,"comment_status":"open","ping_status":"closed","sticky":false,"template":"","format":"standard","meta":{"_monsterinsights_skip_tracking":false,"_monsterinsights_sitenote_active":false,"_monsterinsights_sitenote_note":"","_monsterinsights_sitenote_category":0,"footnotes":""},"categories":[44,58],"tags":[12,51],"class_list":["post-3606","post","type-post","status-publish","format-standard","hentry","category-kisaraportit","category-triathlon","tag-suunnistuskilpailut","tag-triathlon"],"yoast_head":"<!-- This site is optimized with the Yoast SEO plugin v27.7 - https:\/\/yoast.com\/product\/yoast-seo-wordpress\/ -->\n<title>Tuusulanj\u00e4rvi Triathlon 2019 - Pauli Forman blogi<\/title>\n<meta name=\"robots\" content=\"index, follow, max-snippet:-1, max-image-preview:large, max-video-preview:-1\" \/>\n<link rel=\"canonical\" href=\"https:\/\/www.blogi.pauliforma.fi\/wordpress\/tuusulanjarvi-triathlon-2019\/\" \/>\n<meta property=\"og:locale\" content=\"en_US\" \/>\n<meta property=\"og:type\" content=\"article\" \/>\n<meta property=\"og:title\" content=\"Tuusulanj\u00e4rvi Triathlon 2019 - Pauli Forman blogi\" \/>\n<meta property=\"og:description\" content=\"Osallistuin viime viikonloppuna kolmatta kertaa Tuusulanj\u00e4rvi Triathloniin. Jo perinteeksi on muodostunut, ett\u00e4 t\u00e4h\u00e4n alkukes\u00e4n kisaan valmistautumisessa keskeinen elementti ja keskustelun aihe on uimaveden l\u00e4mp\u00f6tila. T\u00e4n\u00e4 vuonna t\u00e4m\u00e4 spekulaatio loppui kun kisapaikalla ilmoitettiin veden l\u00e4mp\u00f6tilaksi 14.7 astetta ja ett\u00e4 uintimatkat uidaan t\u00e4ysim\u00e4\u00e4r\u00e4isin\u00e4. Kisamateriaalien hakemisen j\u00e4lkeen katselin sprintin l\u00e4hd\u00f6n ja seurasin kun ensimm\u00e4iset kilpailijat nousivat vedest\u00e4. Sopivasti &hellip; Continue reading &quot;Tuusulanj\u00e4rvi Triathlon 2019&quot;\" \/>\n<meta property=\"og:url\" content=\"https:\/\/www.blogi.pauliforma.fi\/wordpress\/tuusulanjarvi-triathlon-2019\/\" \/>\n<meta property=\"og:site_name\" content=\"Pauli Forman blogi\" \/>\n<meta property=\"article:published_time\" content=\"2019-06-03T17:26:15+00:00\" \/>\n<meta property=\"og:image\" content=\"https:\/\/live.staticflickr.com\/65535\/47995054901_40149c8378_c.jpg\" \/>\n<meta name=\"author\" content=\"Pauli\" \/>\n<meta name=\"twitter:card\" content=\"summary_large_image\" \/>\n<meta name=\"twitter:creator\" content=\"@paufor\" \/>\n<meta name=\"twitter:site\" content=\"@paufor\" \/>\n<meta name=\"twitter:label1\" content=\"Written by\" \/>\n\t<meta name=\"twitter:data1\" content=\"Pauli\" \/>\n\t<meta name=\"twitter:label2\" content=\"Est. reading time\" \/>\n\t<meta name=\"twitter:data2\" content=\"2 minutes\" \/>\n<script type=\"application\/ld+json\" class=\"yoast-schema-graph\">{\"@context\":\"https:\\\/\\\/schema.org\",\"@graph\":[{\"@type\":\"Article\",\"@id\":\"https:\\\/\\\/www.blogi.pauliforma.fi\\\/wordpress\\\/tuusulanjarvi-triathlon-2019\\\/#article\",\"isPartOf\":{\"@id\":\"https:\\\/\\\/www.blogi.pauliforma.fi\\\/wordpress\\\/tuusulanjarvi-triathlon-2019\\\/\"},\"author\":{\"name\":\"Pauli\",\"@id\":\"https:\\\/\\\/www.blogi.pauliforma.fi\\\/wordpress\\\/#\\\/schema\\\/person\\\/3a41b7cacf9bee4a5a755660888e98f9\"},\"headline\":\"Tuusulanj\u00e4rvi Triathlon 2019\",\"datePublished\":\"2019-06-03T17:26:15+00:00\",\"mainEntityOfPage\":{\"@id\":\"https:\\\/\\\/www.blogi.pauliforma.fi\\\/wordpress\\\/tuusulanjarvi-triathlon-2019\\\/\"},\"wordCount\":502,\"commentCount\":0,\"image\":{\"@id\":\"https:\\\/\\\/www.blogi.pauliforma.fi\\\/wordpress\\\/tuusulanjarvi-triathlon-2019\\\/#primaryimage\"},\"thumbnailUrl\":\"https:\\\/\\\/live.staticflickr.com\\\/65535\\\/47995054901_40149c8378_c.jpg\",\"keywords\":[\"kisaraportit\",\"triathlon\"],\"articleSection\":[\"Kisaraportit\",\"Triathlon\"],\"inLanguage\":\"en\",\"potentialAction\":[{\"@type\":\"CommentAction\",\"name\":\"Comment\",\"target\":[\"https:\\\/\\\/www.blogi.pauliforma.fi\\\/wordpress\\\/tuusulanjarvi-triathlon-2019\\\/#respond\"]}]},{\"@type\":\"WebPage\",\"@id\":\"https:\\\/\\\/www.blogi.pauliforma.fi\\\/wordpress\\\/tuusulanjarvi-triathlon-2019\\\/\",\"url\":\"https:\\\/\\\/www.blogi.pauliforma.fi\\\/wordpress\\\/tuusulanjarvi-triathlon-2019\\\/\",\"name\":\"Tuusulanj\u00e4rvi Triathlon 2019 - Pauli Forman blogi\",\"isPartOf\":{\"@id\":\"https:\\\/\\\/www.blogi.pauliforma.fi\\\/wordpress\\\/#website\"},\"primaryImageOfPage\":{\"@id\":\"https:\\\/\\\/www.blogi.pauliforma.fi\\\/wordpress\\\/tuusulanjarvi-triathlon-2019\\\/#primaryimage\"},\"image\":{\"@id\":\"https:\\\/\\\/www.blogi.pauliforma.fi\\\/wordpress\\\/tuusulanjarvi-triathlon-2019\\\/#primaryimage\"},\"thumbnailUrl\":\"https:\\\/\\\/live.staticflickr.com\\\/65535\\\/47995054901_40149c8378_c.jpg\",\"datePublished\":\"2019-06-03T17:26:15+00:00\",\"author\":{\"@id\":\"https:\\\/\\\/www.blogi.pauliforma.fi\\\/wordpress\\\/#\\\/schema\\\/person\\\/3a41b7cacf9bee4a5a755660888e98f9\"},\"breadcrumb\":{\"@id\":\"https:\\\/\\\/www.blogi.pauliforma.fi\\\/wordpress\\\/tuusulanjarvi-triathlon-2019\\\/#breadcrumb\"},\"inLanguage\":\"en\",\"potentialAction\":[{\"@type\":\"ReadAction\",\"target\":[\"https:\\\/\\\/www.blogi.pauliforma.fi\\\/wordpress\\\/tuusulanjarvi-triathlon-2019\\\/\"]}]},{\"@type\":\"ImageObject\",\"inLanguage\":\"en\",\"@id\":\"https:\\\/\\\/www.blogi.pauliforma.fi\\\/wordpress\\\/tuusulanjarvi-triathlon-2019\\\/#primaryimage\",\"url\":\"https:\\\/\\\/live.staticflickr.com\\\/65535\\\/47995054901_40149c8378_c.jpg\",\"contentUrl\":\"https:\\\/\\\/live.staticflickr.com\\\/65535\\\/47995054901_40149c8378_c.jpg\"},{\"@type\":\"BreadcrumbList\",\"@id\":\"https:\\\/\\\/www.blogi.pauliforma.fi\\\/wordpress\\\/tuusulanjarvi-triathlon-2019\\\/#breadcrumb\",\"itemListElement\":[{\"@type\":\"ListItem\",\"position\":1,\"name\":\"Home\",\"item\":\"https:\\\/\\\/www.blogi.pauliforma.fi\\\/wordpress\\\/\"},{\"@type\":\"ListItem\",\"position\":2,\"name\":\"Tuusulanj\u00e4rvi Triathlon 2019\"}]},{\"@type\":\"WebSite\",\"@id\":\"https:\\\/\\\/www.blogi.pauliforma.fi\\\/wordpress\\\/#website\",\"url\":\"https:\\\/\\\/www.blogi.pauliforma.fi\\\/wordpress\\\/\",\"name\":\"Pauli Forman blogi\",\"description\":\"Kirjoituksia liikuntaharrastuksista\",\"potentialAction\":[{\"@type\":\"SearchAction\",\"target\":{\"@type\":\"EntryPoint\",\"urlTemplate\":\"https:\\\/\\\/www.blogi.pauliforma.fi\\\/wordpress\\\/?s={search_term_string}\"},\"query-input\":{\"@type\":\"PropertyValueSpecification\",\"valueRequired\":true,\"valueName\":\"search_term_string\"}}],\"inLanguage\":\"en\"},{\"@type\":\"Person\",\"@id\":\"https:\\\/\\\/www.blogi.pauliforma.fi\\\/wordpress\\\/#\\\/schema\\\/person\\\/3a41b7cacf9bee4a5a755660888e98f9\",\"name\":\"Pauli\",\"image\":{\"@type\":\"ImageObject\",\"inLanguage\":\"en\",\"@id\":\"https:\\\/\\\/secure.gravatar.com\\\/avatar\\\/a73a17880042594bb4df231270e6a0814ac3e2411e0db5707c24b2d4f8024b43?s=96&d=mm&r=g\",\"url\":\"https:\\\/\\\/secure.gravatar.com\\\/avatar\\\/a73a17880042594bb4df231270e6a0814ac3e2411e0db5707c24b2d4f8024b43?s=96&d=mm&r=g\",\"contentUrl\":\"https:\\\/\\\/secure.gravatar.com\\\/avatar\\\/a73a17880042594bb4df231270e6a0814ac3e2411e0db5707c24b2d4f8024b43?s=96&d=mm&r=g\",\"caption\":\"Pauli\"},\"sameAs\":[\"http:\\\/\\\/www.pauliforma.fi\"],\"url\":\"https:\\\/\\\/www.blogi.pauliforma.fi\\\/wordpress\\\/author\\\/admin\\\/\"}]}<\/script>\n<!-- \/ Yoast SEO plugin. -->","yoast_head_json":{"title":"Tuusulanj\u00e4rvi Triathlon 2019 - Pauli Forman blogi","robots":{"index":"index","follow":"follow","max-snippet":"max-snippet:-1","max-image-preview":"max-image-preview:large","max-video-preview":"max-video-preview:-1"},"canonical":"https:\/\/www.blogi.pauliforma.fi\/wordpress\/tuusulanjarvi-triathlon-2019\/","og_locale":"en_US","og_type":"article","og_title":"Tuusulanj\u00e4rvi Triathlon 2019 - Pauli Forman blogi","og_description":"Osallistuin viime viikonloppuna kolmatta kertaa Tuusulanj\u00e4rvi Triathloniin. Jo perinteeksi on muodostunut, ett\u00e4 t\u00e4h\u00e4n alkukes\u00e4n kisaan valmistautumisessa keskeinen elementti ja keskustelun aihe on uimaveden l\u00e4mp\u00f6tila. T\u00e4n\u00e4 vuonna t\u00e4m\u00e4 spekulaatio loppui kun kisapaikalla ilmoitettiin veden l\u00e4mp\u00f6tilaksi 14.7 astetta ja ett\u00e4 uintimatkat uidaan t\u00e4ysim\u00e4\u00e4r\u00e4isin\u00e4. Kisamateriaalien hakemisen j\u00e4lkeen katselin sprintin l\u00e4hd\u00f6n ja seurasin kun ensimm\u00e4iset kilpailijat nousivat vedest\u00e4. Sopivasti &hellip; Continue reading \"Tuusulanj\u00e4rvi Triathlon 2019\"","og_url":"https:\/\/www.blogi.pauliforma.fi\/wordpress\/tuusulanjarvi-triathlon-2019\/","og_site_name":"Pauli Forman blogi","article_published_time":"2019-06-03T17:26:15+00:00","og_image":[{"url":"https:\/\/live.staticflickr.com\/65535\/47995054901_40149c8378_c.jpg","type":"","width":"","height":""}],"author":"Pauli","twitter_card":"summary_large_image","twitter_creator":"@paufor","twitter_site":"@paufor","twitter_misc":{"Written by":"Pauli","Est. reading time":"2 minutes"},"schema":{"@context":"https:\/\/schema.org","@graph":[{"@type":"Article","@id":"https:\/\/www.blogi.pauliforma.fi\/wordpress\/tuusulanjarvi-triathlon-2019\/#article","isPartOf":{"@id":"https:\/\/www.blogi.pauliforma.fi\/wordpress\/tuusulanjarvi-triathlon-2019\/"},"author":{"name":"Pauli","@id":"https:\/\/www.blogi.pauliforma.fi\/wordpress\/#\/schema\/person\/3a41b7cacf9bee4a5a755660888e98f9"},"headline":"Tuusulanj\u00e4rvi Triathlon 2019","datePublished":"2019-06-03T17:26:15+00:00","mainEntityOfPage":{"@id":"https:\/\/www.blogi.pauliforma.fi\/wordpress\/tuusulanjarvi-triathlon-2019\/"},"wordCount":502,"commentCount":0,"image":{"@id":"https:\/\/www.blogi.pauliforma.fi\/wordpress\/tuusulanjarvi-triathlon-2019\/#primaryimage"},"thumbnailUrl":"https:\/\/live.staticflickr.com\/65535\/47995054901_40149c8378_c.jpg","keywords":["kisaraportit","triathlon"],"articleSection":["Kisaraportit","Triathlon"],"inLanguage":"en","potentialAction":[{"@type":"CommentAction","name":"Comment","target":["https:\/\/www.blogi.pauliforma.fi\/wordpress\/tuusulanjarvi-triathlon-2019\/#respond"]}]},{"@type":"WebPage","@id":"https:\/\/www.blogi.pauliforma.fi\/wordpress\/tuusulanjarvi-triathlon-2019\/","url":"https:\/\/www.blogi.pauliforma.fi\/wordpress\/tuusulanjarvi-triathlon-2019\/","name":"Tuusulanj\u00e4rvi Triathlon 2019 - Pauli Forman blogi","isPartOf":{"@id":"https:\/\/www.blogi.pauliforma.fi\/wordpress\/#website"},"primaryImageOfPage":{"@id":"https:\/\/www.blogi.pauliforma.fi\/wordpress\/tuusulanjarvi-triathlon-2019\/#primaryimage"},"image":{"@id":"https:\/\/www.blogi.pauliforma.fi\/wordpress\/tuusulanjarvi-triathlon-2019\/#primaryimage"},"thumbnailUrl":"https:\/\/live.staticflickr.com\/65535\/47995054901_40149c8378_c.jpg","datePublished":"2019-06-03T17:26:15+00:00","author":{"@id":"https:\/\/www.blogi.pauliforma.fi\/wordpress\/#\/schema\/person\/3a41b7cacf9bee4a5a755660888e98f9"},"breadcrumb":{"@id":"https:\/\/www.blogi.pauliforma.fi\/wordpress\/tuusulanjarvi-triathlon-2019\/#breadcrumb"},"inLanguage":"en","potentialAction":[{"@type":"ReadAction","target":["https:\/\/www.blogi.pauliforma.fi\/wordpress\/tuusulanjarvi-triathlon-2019\/"]}]},{"@type":"ImageObject","inLanguage":"en","@id":"https:\/\/www.blogi.pauliforma.fi\/wordpress\/tuusulanjarvi-triathlon-2019\/#primaryimage","url":"https:\/\/live.staticflickr.com\/65535\/47995054901_40149c8378_c.jpg","contentUrl":"https:\/\/live.staticflickr.com\/65535\/47995054901_40149c8378_c.jpg"},{"@type":"BreadcrumbList","@id":"https:\/\/www.blogi.pauliforma.fi\/wordpress\/tuusulanjarvi-triathlon-2019\/#breadcrumb","itemListElement":[{"@type":"ListItem","position":1,"name":"Home","item":"https:\/\/www.blogi.pauliforma.fi\/wordpress\/"},{"@type":"ListItem","position":2,"name":"Tuusulanj\u00e4rvi Triathlon 2019"}]},{"@type":"WebSite","@id":"https:\/\/www.blogi.pauliforma.fi\/wordpress\/#website","url":"https:\/\/www.blogi.pauliforma.fi\/wordpress\/","name":"Pauli Forman blogi","description":"Kirjoituksia liikuntaharrastuksista","potentialAction":[{"@type":"SearchAction","target":{"@type":"EntryPoint","urlTemplate":"https:\/\/www.blogi.pauliforma.fi\/wordpress\/?s={search_term_string}"},"query-input":{"@type":"PropertyValueSpecification","valueRequired":true,"valueName":"search_term_string"}}],"inLanguage":"en"},{"@type":"Person","@id":"https:\/\/www.blogi.pauliforma.fi\/wordpress\/#\/schema\/person\/3a41b7cacf9bee4a5a755660888e98f9","name":"Pauli","image":{"@type":"ImageObject","inLanguage":"en","@id":"https:\/\/secure.gravatar.com\/avatar\/a73a17880042594bb4df231270e6a0814ac3e2411e0db5707c24b2d4f8024b43?s=96&d=mm&r=g","url":"https:\/\/secure.gravatar.com\/avatar\/a73a17880042594bb4df231270e6a0814ac3e2411e0db5707c24b2d4f8024b43?s=96&d=mm&r=g","contentUrl":"https:\/\/secure.gravatar.com\/avatar\/a73a17880042594bb4df231270e6a0814ac3e2411e0db5707c24b2d4f8024b43?s=96&d=mm&r=g","caption":"Pauli"},"sameAs":["http:\/\/www.pauliforma.fi"],"url":"https:\/\/www.blogi.pauliforma.fi\/wordpress\/author\/admin\/"}]}},"_links":{"self":[{"href":"https:\/\/www.blogi.pauliforma.fi\/wordpress\/wp-json\/wp\/v2\/posts\/3606","targetHints":{"allow":["GET"]}}],"collection":[{"href":"https:\/\/www.blogi.pauliforma.fi\/wordpress\/wp-json\/wp\/v2\/posts"}],"about":[{"href":"https:\/\/www.blogi.pauliforma.fi\/wordpress\/wp-json\/wp\/v2\/types\/post"}],"author":[{"embeddable":true,"href":"https:\/\/www.blogi.pauliforma.fi\/wordpress\/wp-json\/wp\/v2\/users\/1"}],"replies":[{"embeddable":true,"href":"https:\/\/www.blogi.pauliforma.fi\/wordpress\/wp-json\/wp\/v2\/comments?post=3606"}],"version-history":[{"count":3,"href":"https:\/\/www.blogi.pauliforma.fi\/wordpress\/wp-json\/wp\/v2\/posts\/3606\/revisions"}],"predecessor-version":[{"id":3609,"href":"https:\/\/www.blogi.pauliforma.fi\/wordpress\/wp-json\/wp\/v2\/posts\/3606\/revisions\/3609"}],"wp:attachment":[{"href":"https:\/\/www.blogi.pauliforma.fi\/wordpress\/wp-json\/wp\/v2\/media?parent=3606"}],"wp:term":[{"taxonomy":"category","embeddable":true,"href":"https:\/\/www.blogi.pauliforma.fi\/wordpress\/wp-json\/wp\/v2\/categories?post=3606"},{"taxonomy":"post_tag","embeddable":true,"href":"https:\/\/www.blogi.pauliforma.fi\/wordpress\/wp-json\/wp\/v2\/tags?post=3606"}],"curies":[{"name":"wp","href":"https:\/\/api.w.org\/{rel}","templated":true}]}}