{"id":2880,"date":"2014-07-08T10:38:43","date_gmt":"2014-07-08T07:38:43","guid":{"rendered":"http:\/\/www.blogi.pauliforma.fi\/wordpress\/?p=2880"},"modified":"2014-07-08T10:38:43","modified_gmt":"2014-07-08T07:38:43","slug":"ratamestarin-toita","status":"publish","type":"post","link":"https:\/\/www.blogi.pauliforma.fi\/wordpress\/ratamestarin-toita\/","title":{"rendered":"Ratamestarin t\u00f6it\u00e4"},"content":{"rendered":"<p>K\u00e4vin hakemassa revanssia ep\u00e4onnistuneelle Karjaa-rastien kisasuoritukselle <strong>Karjaan Uran<\/strong>\u00a0maineikkailta maanantairasteilta viikko sitten. A-radalla pari rastipistett\u00e4 oli samoja, mutta muuten rasteilla p\u00e4\u00e4si treenaamaan melko tuoreessa maastossa. Oma suoritus sujui kohtalaisen hyvin, mutta pitk\u00e4ll\u00e4 v\u00e4lill\u00e4 suunta painui v\u00e4h\u00e4n kohti etel\u00e4\u00e4 ja ajauduin sivuun. Tilanteen huomattuani pystyin korjaamaan suoraan rastille. Lopussa viel\u00e4 pienipiirteisell\u00e4 alueella jouduin hieman hakemaan yht\u00e4 rastia. Mukava harjoitus kuitenkin m\u00e4r\u00e4ss\u00e4 mets\u00e4ss\u00e4. My\u00f6s melko harvinainen tapahtuma, sill\u00e4 en ole t\u00e4n\u00e4 vuonna k\u00e4ynyt suunnitusharjoituksissa yht\u00e4 omatoimista <strong>Ry\u00f6v\u00e4rinm\u00e4en<\/strong>\u00a0treeni\u00e4 lukuunottamatta.<\/p>\n<p>Viikonlopun ohjelmassa oli sitten ratamestarin hommia <strong>Risteniss\u00e4<\/strong>, jossa vuonna 2011 j\u00e4rjestettiin <strong>Prisma-rastit<\/strong>. K\u00e4vin tekem\u00e4ss\u00e4 maastot\u00f6it\u00e4 elokuussa j\u00e4rjestett\u00e4ville <strong>HiKi-rasteille<\/strong>. Ennen maastot\u00f6it\u00e4 olin suunnitellut alustavat radat OCAD:illa.<\/p>\n<p><a title=\"image by Pauli Forma, on Flickr\" href=\"https:\/\/www.flickr.com\/photos\/pforma\/14600856964\"><img loading=\"lazy\" decoding=\"async\" src=\"https:\/\/farm3.staticflickr.com\/2940\/14600856964_22aa7e445a_z.jpg\" alt=\"image\" width=\"640\" height=\"480\" \/><\/a><br \/>\n<em>Rastim\u00e4ki siint\u00e4\u00e4 edess\u00e4.<\/em><\/p>\n<p>Ratasuunnittelussa otin huomioon maaston tehdyt istutukset, tiedossa olleet hakkuut ja maanomistajien toivomukset. Sen j\u00e4lkeen luonnostelin perusasioita, eli ratojen kiertosuuntaa. Tein A, B ja C-radoista erilliset ts. lyhyemm\u00e4t radat eiv\u00e4t olleet lyhyempi\u00e4 versioita A-radasta. C-radan suunnittelin selv\u00e4sti helpommaksi ja D-radan viel\u00e4 helpommaksi. RR-radasta tein alustavan version, mutta se vaatii viel\u00e4 paneutumista.<\/p>\n<p>Maastossa sitten k\u00e4vin rastipisteit\u00e4 l\u00e4pi. Tein muistiinpanot joka rastista iPhoneen. Siirsin niit\u00e4 pisteit\u00e4, jotka osoittautuivat maastossa huonoiksi. Pohdin rastin sijoittamista ottaen rastille tulosuunnat huomioon.<\/p>\n<p>Maastossa oli my\u00f6s joitakin muutoksia, jotka eiv\u00e4t ilmenneet kartasta. Piirtelin karttaan yhden maastoon ilmestyneen ajouran ja muutin rastin paikkaa, koska rastiv\u00e4li olisi ollut liian helppo toteuttaa uraa pitkin.<\/p>\n<p>Maastossa vier\u00e4hti kolmisen tuntia. T\u00e4ss\u00e4 ajassa sain katsottua 20 rastia. Lastenratojen rasteja ja RR-radan kulkua pit\u00e4\u00e4 viel\u00e4 k\u00e4yd\u00e4 katsomassa. K\u00e4vin viel\u00e4 tervehtim\u00e4ss\u00e4 maanomistajaa ja n\u00e4ytt\u00e4m\u00e4ss\u00e4 suunnitelmiani. Kotona sitten muuttelin OCAD:issa rastipisteit\u00e4 ja laitoin m\u00e4\u00e4ritteit\u00e4 kuntoon.<\/p>\n<p>Noin muuten keskikes\u00e4 on suunnistuksen puolesta hiljaista aikaa, jos ei osallistu rastiviikoille. Rastiviikkojen vuoksi muissa kisoissa on taukoa. Italian MM-kisoistakaan en ole t\u00e4n\u00e4 vuonna jaksanut innostua ainakaan toistaiseksi.<\/p>\n<p>T\u00e4m\u00e4 viikko menee suurelta osin jalkapallokent\u00e4n laidalla seistess\u00e4. Yksi merkitt\u00e4v\u00e4 aikataulukysymys on se, ett\u00e4 <strong>Helsinki Cup<\/strong> ja <strong>Fin5-rastiviikko<\/strong> ovat joka vuosi samalla viikolla. Jossakin m\u00e4\u00e4rin niiss\u00e4 perheiss\u00e4, joissa sek\u00e4 suunnistetaan ett\u00e4 pelataan jalkapalloa, joudutaan tekem\u00e4\u00e4n valintaa n\u00e4iden kahden ison tapahtuman v\u00e4lill\u00e4. Ensi vuonna FIN5-rastiviikko j\u00e4rjestet\u00e4\u00e4n Myn\u00e4m\u00e4en suunnalla ja sinne on l\u00e4hes pakko menn\u00e4.<\/p>\n<p>Mutta lomalla on aikaa harjoitella hieman enemm\u00e4n. Kilsoja ja tunteja on tullut mukavasti viime aikoina juoksun ja py\u00f6r\u00e4ilyn muodossa. Kes\u00e4isiss\u00e4 keleiss\u00e4 mukava treenata ja hakea uutta nousua kohti syksyn t\u00e4rkeit\u00e4 kisoja.<\/p>\n","protected":false},"excerpt":{"rendered":"<p>K\u00e4vin hakemassa revanssia ep\u00e4onnistuneelle Karjaa-rastien kisasuoritukselle Karjaan Uran\u00a0maineikkailta maanantairasteilta viikko sitten. A-radalla pari rastipistett\u00e4 oli samoja, mutta muuten rasteilla p\u00e4\u00e4si treenaamaan melko tuoreessa maastossa. Oma suoritus sujui kohtalaisen hyvin, mutta pitk\u00e4ll\u00e4 v\u00e4lill\u00e4 suunta painui v\u00e4h\u00e4n kohti etel\u00e4\u00e4 ja ajauduin sivuun. Tilanteen huomattuani pystyin korjaamaan suoraan rastille. Lopussa viel\u00e4 pienipiirteisell\u00e4 alueella jouduin hieman hakemaan yht\u00e4 rastia. &hellip; <\/p>\n<p class=\"link-more\"><a href=\"https:\/\/www.blogi.pauliforma.fi\/wordpress\/ratamestarin-toita\/\" class=\"more-link\">Continue reading<span class=\"screen-reader-text\"> &#8220;Ratamestarin t\u00f6it\u00e4&#8221;<\/span><\/a><\/p>\n","protected":false},"author":1,"featured_media":0,"comment_status":"open","ping_status":"closed","sticky":false,"template":"","format":"standard","meta":{"_monsterinsights_skip_tracking":false,"_monsterinsights_sitenote_active":false,"_monsterinsights_sitenote_note":"","_monsterinsights_sitenote_category":0,"footnotes":""},"categories":[31,1],"tags":[],"class_list":["post-2880","post","type-post","status-publish","format-standard","hentry","category-pyoraily","category-uncategorized"],"yoast_head":"<!-- This site is optimized with the Yoast SEO plugin v27.7 - https:\/\/yoast.com\/product\/yoast-seo-wordpress\/ -->\n<title>Ratamestarin t\u00f6it\u00e4 - Pauli Forman blogi<\/title>\n<meta name=\"robots\" content=\"index, follow, max-snippet:-1, max-image-preview:large, max-video-preview:-1\" \/>\n<link rel=\"canonical\" href=\"https:\/\/www.blogi.pauliforma.fi\/wordpress\/ratamestarin-toita\/\" \/>\n<meta property=\"og:locale\" content=\"en_US\" \/>\n<meta property=\"og:type\" content=\"article\" \/>\n<meta property=\"og:title\" content=\"Ratamestarin t\u00f6it\u00e4 - Pauli Forman blogi\" \/>\n<meta property=\"og:description\" content=\"K\u00e4vin hakemassa revanssia ep\u00e4onnistuneelle Karjaa-rastien kisasuoritukselle Karjaan Uran\u00a0maineikkailta maanantairasteilta viikko sitten. A-radalla pari rastipistett\u00e4 oli samoja, mutta muuten rasteilla p\u00e4\u00e4si treenaamaan melko tuoreessa maastossa. Oma suoritus sujui kohtalaisen hyvin, mutta pitk\u00e4ll\u00e4 v\u00e4lill\u00e4 suunta painui v\u00e4h\u00e4n kohti etel\u00e4\u00e4 ja ajauduin sivuun. Tilanteen huomattuani pystyin korjaamaan suoraan rastille. Lopussa viel\u00e4 pienipiirteisell\u00e4 alueella jouduin hieman hakemaan yht\u00e4 rastia. &hellip; Continue reading &quot;Ratamestarin t\u00f6it\u00e4&quot;\" \/>\n<meta property=\"og:url\" content=\"https:\/\/www.blogi.pauliforma.fi\/wordpress\/ratamestarin-toita\/\" \/>\n<meta property=\"og:site_name\" content=\"Pauli Forman blogi\" \/>\n<meta property=\"article:published_time\" content=\"2014-07-08T07:38:43+00:00\" \/>\n<meta property=\"og:image\" content=\"https:\/\/farm3.staticflickr.com\/2940\/14600856964_22aa7e445a_z.jpg\" \/>\n<meta name=\"author\" content=\"Pauli\" \/>\n<meta name=\"twitter:card\" content=\"summary_large_image\" \/>\n<meta name=\"twitter:creator\" content=\"@paufor\" \/>\n<meta name=\"twitter:site\" content=\"@paufor\" \/>\n<meta name=\"twitter:label1\" content=\"Written by\" \/>\n\t<meta name=\"twitter:data1\" content=\"Pauli\" \/>\n\t<meta name=\"twitter:label2\" content=\"Est. reading time\" \/>\n\t<meta name=\"twitter:data2\" content=\"2 minutes\" \/>\n<script type=\"application\/ld+json\" class=\"yoast-schema-graph\">{\"@context\":\"https:\\\/\\\/schema.org\",\"@graph\":[{\"@type\":\"Article\",\"@id\":\"https:\\\/\\\/www.blogi.pauliforma.fi\\\/wordpress\\\/ratamestarin-toita\\\/#article\",\"isPartOf\":{\"@id\":\"https:\\\/\\\/www.blogi.pauliforma.fi\\\/wordpress\\\/ratamestarin-toita\\\/\"},\"author\":{\"name\":\"Pauli\",\"@id\":\"https:\\\/\\\/www.blogi.pauliforma.fi\\\/wordpress\\\/#\\\/schema\\\/person\\\/3a41b7cacf9bee4a5a755660888e98f9\"},\"headline\":\"Ratamestarin t\u00f6it\u00e4\",\"datePublished\":\"2014-07-08T07:38:43+00:00\",\"mainEntityOfPage\":{\"@id\":\"https:\\\/\\\/www.blogi.pauliforma.fi\\\/wordpress\\\/ratamestarin-toita\\\/\"},\"wordCount\":419,\"commentCount\":0,\"image\":{\"@id\":\"https:\\\/\\\/www.blogi.pauliforma.fi\\\/wordpress\\\/ratamestarin-toita\\\/#primaryimage\"},\"thumbnailUrl\":\"https:\\\/\\\/farm3.staticflickr.com\\\/2940\\\/14600856964_22aa7e445a_z.jpg\",\"articleSection\":[\"Py\u00f6r\u00e4ily\",\"Suunnistus\"],\"inLanguage\":\"en\",\"potentialAction\":[{\"@type\":\"CommentAction\",\"name\":\"Comment\",\"target\":[\"https:\\\/\\\/www.blogi.pauliforma.fi\\\/wordpress\\\/ratamestarin-toita\\\/#respond\"]}]},{\"@type\":\"WebPage\",\"@id\":\"https:\\\/\\\/www.blogi.pauliforma.fi\\\/wordpress\\\/ratamestarin-toita\\\/\",\"url\":\"https:\\\/\\\/www.blogi.pauliforma.fi\\\/wordpress\\\/ratamestarin-toita\\\/\",\"name\":\"Ratamestarin t\u00f6it\u00e4 - Pauli Forman blogi\",\"isPartOf\":{\"@id\":\"https:\\\/\\\/www.blogi.pauliforma.fi\\\/wordpress\\\/#website\"},\"primaryImageOfPage\":{\"@id\":\"https:\\\/\\\/www.blogi.pauliforma.fi\\\/wordpress\\\/ratamestarin-toita\\\/#primaryimage\"},\"image\":{\"@id\":\"https:\\\/\\\/www.blogi.pauliforma.fi\\\/wordpress\\\/ratamestarin-toita\\\/#primaryimage\"},\"thumbnailUrl\":\"https:\\\/\\\/farm3.staticflickr.com\\\/2940\\\/14600856964_22aa7e445a_z.jpg\",\"datePublished\":\"2014-07-08T07:38:43+00:00\",\"author\":{\"@id\":\"https:\\\/\\\/www.blogi.pauliforma.fi\\\/wordpress\\\/#\\\/schema\\\/person\\\/3a41b7cacf9bee4a5a755660888e98f9\"},\"breadcrumb\":{\"@id\":\"https:\\\/\\\/www.blogi.pauliforma.fi\\\/wordpress\\\/ratamestarin-toita\\\/#breadcrumb\"},\"inLanguage\":\"en\",\"potentialAction\":[{\"@type\":\"ReadAction\",\"target\":[\"https:\\\/\\\/www.blogi.pauliforma.fi\\\/wordpress\\\/ratamestarin-toita\\\/\"]}]},{\"@type\":\"ImageObject\",\"inLanguage\":\"en\",\"@id\":\"https:\\\/\\\/www.blogi.pauliforma.fi\\\/wordpress\\\/ratamestarin-toita\\\/#primaryimage\",\"url\":\"https:\\\/\\\/farm3.staticflickr.com\\\/2940\\\/14600856964_22aa7e445a_z.jpg\",\"contentUrl\":\"https:\\\/\\\/farm3.staticflickr.com\\\/2940\\\/14600856964_22aa7e445a_z.jpg\"},{\"@type\":\"BreadcrumbList\",\"@id\":\"https:\\\/\\\/www.blogi.pauliforma.fi\\\/wordpress\\\/ratamestarin-toita\\\/#breadcrumb\",\"itemListElement\":[{\"@type\":\"ListItem\",\"position\":1,\"name\":\"Home\",\"item\":\"https:\\\/\\\/www.blogi.pauliforma.fi\\\/wordpress\\\/\"},{\"@type\":\"ListItem\",\"position\":2,\"name\":\"Ratamestarin t\u00f6it\u00e4\"}]},{\"@type\":\"WebSite\",\"@id\":\"https:\\\/\\\/www.blogi.pauliforma.fi\\\/wordpress\\\/#website\",\"url\":\"https:\\\/\\\/www.blogi.pauliforma.fi\\\/wordpress\\\/\",\"name\":\"Pauli Forman blogi\",\"description\":\"Kirjoituksia liikuntaharrastuksista\",\"potentialAction\":[{\"@type\":\"SearchAction\",\"target\":{\"@type\":\"EntryPoint\",\"urlTemplate\":\"https:\\\/\\\/www.blogi.pauliforma.fi\\\/wordpress\\\/?s={search_term_string}\"},\"query-input\":{\"@type\":\"PropertyValueSpecification\",\"valueRequired\":true,\"valueName\":\"search_term_string\"}}],\"inLanguage\":\"en\"},{\"@type\":\"Person\",\"@id\":\"https:\\\/\\\/www.blogi.pauliforma.fi\\\/wordpress\\\/#\\\/schema\\\/person\\\/3a41b7cacf9bee4a5a755660888e98f9\",\"name\":\"Pauli\",\"image\":{\"@type\":\"ImageObject\",\"inLanguage\":\"en\",\"@id\":\"https:\\\/\\\/secure.gravatar.com\\\/avatar\\\/a73a17880042594bb4df231270e6a0814ac3e2411e0db5707c24b2d4f8024b43?s=96&d=mm&r=g\",\"url\":\"https:\\\/\\\/secure.gravatar.com\\\/avatar\\\/a73a17880042594bb4df231270e6a0814ac3e2411e0db5707c24b2d4f8024b43?s=96&d=mm&r=g\",\"contentUrl\":\"https:\\\/\\\/secure.gravatar.com\\\/avatar\\\/a73a17880042594bb4df231270e6a0814ac3e2411e0db5707c24b2d4f8024b43?s=96&d=mm&r=g\",\"caption\":\"Pauli\"},\"sameAs\":[\"http:\\\/\\\/www.pauliforma.fi\"],\"url\":\"https:\\\/\\\/www.blogi.pauliforma.fi\\\/wordpress\\\/author\\\/admin\\\/\"}]}<\/script>\n<!-- \/ Yoast SEO plugin. -->","yoast_head_json":{"title":"Ratamestarin t\u00f6it\u00e4 - Pauli Forman blogi","robots":{"index":"index","follow":"follow","max-snippet":"max-snippet:-1","max-image-preview":"max-image-preview:large","max-video-preview":"max-video-preview:-1"},"canonical":"https:\/\/www.blogi.pauliforma.fi\/wordpress\/ratamestarin-toita\/","og_locale":"en_US","og_type":"article","og_title":"Ratamestarin t\u00f6it\u00e4 - Pauli Forman blogi","og_description":"K\u00e4vin hakemassa revanssia ep\u00e4onnistuneelle Karjaa-rastien kisasuoritukselle Karjaan Uran\u00a0maineikkailta maanantairasteilta viikko sitten. A-radalla pari rastipistett\u00e4 oli samoja, mutta muuten rasteilla p\u00e4\u00e4si treenaamaan melko tuoreessa maastossa. Oma suoritus sujui kohtalaisen hyvin, mutta pitk\u00e4ll\u00e4 v\u00e4lill\u00e4 suunta painui v\u00e4h\u00e4n kohti etel\u00e4\u00e4 ja ajauduin sivuun. Tilanteen huomattuani pystyin korjaamaan suoraan rastille. Lopussa viel\u00e4 pienipiirteisell\u00e4 alueella jouduin hieman hakemaan yht\u00e4 rastia. &hellip; Continue reading \"Ratamestarin t\u00f6it\u00e4\"","og_url":"https:\/\/www.blogi.pauliforma.fi\/wordpress\/ratamestarin-toita\/","og_site_name":"Pauli Forman blogi","article_published_time":"2014-07-08T07:38:43+00:00","og_image":[{"url":"https:\/\/farm3.staticflickr.com\/2940\/14600856964_22aa7e445a_z.jpg","type":"","width":"","height":""}],"author":"Pauli","twitter_card":"summary_large_image","twitter_creator":"@paufor","twitter_site":"@paufor","twitter_misc":{"Written by":"Pauli","Est. reading time":"2 minutes"},"schema":{"@context":"https:\/\/schema.org","@graph":[{"@type":"Article","@id":"https:\/\/www.blogi.pauliforma.fi\/wordpress\/ratamestarin-toita\/#article","isPartOf":{"@id":"https:\/\/www.blogi.pauliforma.fi\/wordpress\/ratamestarin-toita\/"},"author":{"name":"Pauli","@id":"https:\/\/www.blogi.pauliforma.fi\/wordpress\/#\/schema\/person\/3a41b7cacf9bee4a5a755660888e98f9"},"headline":"Ratamestarin t\u00f6it\u00e4","datePublished":"2014-07-08T07:38:43+00:00","mainEntityOfPage":{"@id":"https:\/\/www.blogi.pauliforma.fi\/wordpress\/ratamestarin-toita\/"},"wordCount":419,"commentCount":0,"image":{"@id":"https:\/\/www.blogi.pauliforma.fi\/wordpress\/ratamestarin-toita\/#primaryimage"},"thumbnailUrl":"https:\/\/farm3.staticflickr.com\/2940\/14600856964_22aa7e445a_z.jpg","articleSection":["Py\u00f6r\u00e4ily","Suunnistus"],"inLanguage":"en","potentialAction":[{"@type":"CommentAction","name":"Comment","target":["https:\/\/www.blogi.pauliforma.fi\/wordpress\/ratamestarin-toita\/#respond"]}]},{"@type":"WebPage","@id":"https:\/\/www.blogi.pauliforma.fi\/wordpress\/ratamestarin-toita\/","url":"https:\/\/www.blogi.pauliforma.fi\/wordpress\/ratamestarin-toita\/","name":"Ratamestarin t\u00f6it\u00e4 - Pauli Forman blogi","isPartOf":{"@id":"https:\/\/www.blogi.pauliforma.fi\/wordpress\/#website"},"primaryImageOfPage":{"@id":"https:\/\/www.blogi.pauliforma.fi\/wordpress\/ratamestarin-toita\/#primaryimage"},"image":{"@id":"https:\/\/www.blogi.pauliforma.fi\/wordpress\/ratamestarin-toita\/#primaryimage"},"thumbnailUrl":"https:\/\/farm3.staticflickr.com\/2940\/14600856964_22aa7e445a_z.jpg","datePublished":"2014-07-08T07:38:43+00:00","author":{"@id":"https:\/\/www.blogi.pauliforma.fi\/wordpress\/#\/schema\/person\/3a41b7cacf9bee4a5a755660888e98f9"},"breadcrumb":{"@id":"https:\/\/www.blogi.pauliforma.fi\/wordpress\/ratamestarin-toita\/#breadcrumb"},"inLanguage":"en","potentialAction":[{"@type":"ReadAction","target":["https:\/\/www.blogi.pauliforma.fi\/wordpress\/ratamestarin-toita\/"]}]},{"@type":"ImageObject","inLanguage":"en","@id":"https:\/\/www.blogi.pauliforma.fi\/wordpress\/ratamestarin-toita\/#primaryimage","url":"https:\/\/farm3.staticflickr.com\/2940\/14600856964_22aa7e445a_z.jpg","contentUrl":"https:\/\/farm3.staticflickr.com\/2940\/14600856964_22aa7e445a_z.jpg"},{"@type":"BreadcrumbList","@id":"https:\/\/www.blogi.pauliforma.fi\/wordpress\/ratamestarin-toita\/#breadcrumb","itemListElement":[{"@type":"ListItem","position":1,"name":"Home","item":"https:\/\/www.blogi.pauliforma.fi\/wordpress\/"},{"@type":"ListItem","position":2,"name":"Ratamestarin t\u00f6it\u00e4"}]},{"@type":"WebSite","@id":"https:\/\/www.blogi.pauliforma.fi\/wordpress\/#website","url":"https:\/\/www.blogi.pauliforma.fi\/wordpress\/","name":"Pauli Forman blogi","description":"Kirjoituksia liikuntaharrastuksista","potentialAction":[{"@type":"SearchAction","target":{"@type":"EntryPoint","urlTemplate":"https:\/\/www.blogi.pauliforma.fi\/wordpress\/?s={search_term_string}"},"query-input":{"@type":"PropertyValueSpecification","valueRequired":true,"valueName":"search_term_string"}}],"inLanguage":"en"},{"@type":"Person","@id":"https:\/\/www.blogi.pauliforma.fi\/wordpress\/#\/schema\/person\/3a41b7cacf9bee4a5a755660888e98f9","name":"Pauli","image":{"@type":"ImageObject","inLanguage":"en","@id":"https:\/\/secure.gravatar.com\/avatar\/a73a17880042594bb4df231270e6a0814ac3e2411e0db5707c24b2d4f8024b43?s=96&d=mm&r=g","url":"https:\/\/secure.gravatar.com\/avatar\/a73a17880042594bb4df231270e6a0814ac3e2411e0db5707c24b2d4f8024b43?s=96&d=mm&r=g","contentUrl":"https:\/\/secure.gravatar.com\/avatar\/a73a17880042594bb4df231270e6a0814ac3e2411e0db5707c24b2d4f8024b43?s=96&d=mm&r=g","caption":"Pauli"},"sameAs":["http:\/\/www.pauliforma.fi"],"url":"https:\/\/www.blogi.pauliforma.fi\/wordpress\/author\/admin\/"}]}},"_links":{"self":[{"href":"https:\/\/www.blogi.pauliforma.fi\/wordpress\/wp-json\/wp\/v2\/posts\/2880","targetHints":{"allow":["GET"]}}],"collection":[{"href":"https:\/\/www.blogi.pauliforma.fi\/wordpress\/wp-json\/wp\/v2\/posts"}],"about":[{"href":"https:\/\/www.blogi.pauliforma.fi\/wordpress\/wp-json\/wp\/v2\/types\/post"}],"author":[{"embeddable":true,"href":"https:\/\/www.blogi.pauliforma.fi\/wordpress\/wp-json\/wp\/v2\/users\/1"}],"replies":[{"embeddable":true,"href":"https:\/\/www.blogi.pauliforma.fi\/wordpress\/wp-json\/wp\/v2\/comments?post=2880"}],"version-history":[{"count":5,"href":"https:\/\/www.blogi.pauliforma.fi\/wordpress\/wp-json\/wp\/v2\/posts\/2880\/revisions"}],"predecessor-version":[{"id":2885,"href":"https:\/\/www.blogi.pauliforma.fi\/wordpress\/wp-json\/wp\/v2\/posts\/2880\/revisions\/2885"}],"wp:attachment":[{"href":"https:\/\/www.blogi.pauliforma.fi\/wordpress\/wp-json\/wp\/v2\/media?parent=2880"}],"wp:term":[{"taxonomy":"category","embeddable":true,"href":"https:\/\/www.blogi.pauliforma.fi\/wordpress\/wp-json\/wp\/v2\/categories?post=2880"},{"taxonomy":"post_tag","embeddable":true,"href":"https:\/\/www.blogi.pauliforma.fi\/wordpress\/wp-json\/wp\/v2\/tags?post=2880"}],"curies":[{"name":"wp","href":"https:\/\/api.w.org\/{rel}","templated":true}]}}