{"id":1493,"date":"2011-07-16T10:58:07","date_gmt":"2011-07-16T07:58:07","guid":{"rendered":"http:\/\/www.blogi.pauliforma.fi\/wordpress\/?p=1493"},"modified":"2011-07-16T10:58:47","modified_gmt":"2011-07-16T07:58:47","slug":"fin-5-paattyi-keskeytykseen","status":"publish","type":"post","link":"https:\/\/www.blogi.pauliforma.fi\/wordpress\/fin-5-paattyi-keskeytykseen\/","title":{"rendered":"Fin-5 p\u00e4\u00e4ttyi keskeytykseen"},"content":{"rendered":"<p style=\"text-align: center;\"><a href=\"http:\/\/www.blogi.pauliforma.fi\/wordpress\/wp-content\/uploads\/2011\/07\/FIN5_maali.jpg\"><img loading=\"lazy\" decoding=\"async\" class=\"size-full wp-image-1494 aligncenter\" title=\"FIN5_maali\" src=\"http:\/\/www.blogi.pauliforma.fi\/wordpress\/wp-content\/uploads\/2011\/07\/FIN5_maali.jpg\" alt=\"\" width=\"400\" height=\"267\" srcset=\"https:\/\/www.blogi.pauliforma.fi\/wordpress\/wp-content\/uploads\/2011\/07\/FIN5_maali.jpg 400w, https:\/\/www.blogi.pauliforma.fi\/wordpress\/wp-content\/uploads\/2011\/07\/FIN5_maali-300x200.jpg 300w\" sizes=\"auto, (max-width: 400px) 100vw, 400px\" \/><\/a><\/p>\n<p>Tosiaan keskeytys ensimm\u00e4isell\u00e4 rastiiviikolla on tosiasia. Syyn\u00e4 sairastuminen. Torstaina aamulla olo tuntui hieman ep\u00e4m\u00e4\u00e4r\u00e4iselt\u00e4 kisoihin l\u00e4htiess\u00e4. Sitten maaliin tullessa olo olo todella heikko. Kotona mittasin kuumetta ja mittari n\u00e4ytti yli 38 ja nousi viel\u00e4 yli 39:s\u00e4n. Samat lukemat perjantaina. Ei hirve\u00e4sti edes harmita.<\/p>\n<p>Pient\u00e4 yhteenvetoa viikosta voi silti tehd\u00e4.<\/p>\n<p>Ensimm\u00e4inen osakilpailu maanantaina meni siis todella hyvin. Yksi parhaimmista kisoista koskaan.<\/p>\n<p>Toinen osakilpailu tiistaina meni heikosti kahden isomman pummin takia. Onnistumisen edellytykset olisivat olleet olemassa, mutta viimeistely ontui.<\/p>\n<p>Kolmas osakilpailu (sairaana) meni t\u00e4ysin penkin alle. Heti ykk\u00f6sen kanssa isoja ongelmia. Samoin kakkosen, kolmosen, nelosen. Vitonen hyvin, kutonen ei meinannut l\u00f6yty\u00e4. Loput ok. Haluan ainakin uskoa, ett\u00e4 sairaudella oli t\u00e4h\u00e4n k\u00f6mpimiseen osuutta.<\/p>\n<p>No, ei t\u00e4ss\u00e4 mit\u00e4\u00e4n. Yritet\u00e4\u00e4n parantua ja ensi viikolla olisi Varsinais-Suomen rastip\u00e4iv\u00e4t. Jotensakaan ei nyt kuitenkaan ihan palavaa intoa ole suunnistukseen t\u00e4ss\u00e4 olotilassa.<\/p>\n","protected":false},"excerpt":{"rendered":"<p>Tosiaan keskeytys ensimm\u00e4isell\u00e4 rastiiviikolla on tosiasia. Syyn\u00e4 sairastuminen. Torstaina aamulla olo tuntui hieman ep\u00e4m\u00e4\u00e4r\u00e4iselt\u00e4 kisoihin l\u00e4htiess\u00e4. Sitten maaliin tullessa olo olo todella heikko. Kotona mittasin kuumetta ja mittari n\u00e4ytti yli 38 ja nousi viel\u00e4 yli 39:s\u00e4n. Samat lukemat perjantaina. Ei hirve\u00e4sti edes harmita. Pient\u00e4 yhteenvetoa viikosta voi silti tehd\u00e4. Ensimm\u00e4inen osakilpailu maanantaina meni siis todella &hellip; <\/p>\n<p class=\"link-more\"><a href=\"https:\/\/www.blogi.pauliforma.fi\/wordpress\/fin-5-paattyi-keskeytykseen\/\" class=\"more-link\">Continue reading<span class=\"screen-reader-text\"> &#8220;Fin-5 p\u00e4\u00e4ttyi keskeytykseen&#8221;<\/span><\/a><\/p>\n","protected":false},"author":1,"featured_media":0,"comment_status":"open","ping_status":"closed","sticky":false,"template":"","format":"standard","meta":{"_monsterinsights_skip_tracking":false,"_monsterinsights_sitenote_active":false,"_monsterinsights_sitenote_note":"","_monsterinsights_sitenote_category":0,"footnotes":""},"categories":[1],"tags":[12,7],"class_list":["post-1493","post","type-post","status-publish","format-standard","hentry","category-uncategorized","tag-suunnistuskilpailut","tag-suunnistus"],"yoast_head":"<!-- This site is optimized with the Yoast SEO plugin v27.7 - https:\/\/yoast.com\/product\/yoast-seo-wordpress\/ -->\n<title>Fin-5 p\u00e4\u00e4ttyi keskeytykseen - Pauli Forman blogi<\/title>\n<meta name=\"robots\" content=\"index, follow, max-snippet:-1, max-image-preview:large, max-video-preview:-1\" \/>\n<link rel=\"canonical\" href=\"https:\/\/www.blogi.pauliforma.fi\/wordpress\/fin-5-paattyi-keskeytykseen\/\" \/>\n<meta property=\"og:locale\" content=\"en_US\" \/>\n<meta property=\"og:type\" content=\"article\" \/>\n<meta property=\"og:title\" content=\"Fin-5 p\u00e4\u00e4ttyi keskeytykseen - Pauli Forman blogi\" \/>\n<meta property=\"og:description\" content=\"Tosiaan keskeytys ensimm\u00e4isell\u00e4 rastiiviikolla on tosiasia. Syyn\u00e4 sairastuminen. Torstaina aamulla olo tuntui hieman ep\u00e4m\u00e4\u00e4r\u00e4iselt\u00e4 kisoihin l\u00e4htiess\u00e4. Sitten maaliin tullessa olo olo todella heikko. Kotona mittasin kuumetta ja mittari n\u00e4ytti yli 38 ja nousi viel\u00e4 yli 39:s\u00e4n. Samat lukemat perjantaina. Ei hirve\u00e4sti edes harmita. Pient\u00e4 yhteenvetoa viikosta voi silti tehd\u00e4. Ensimm\u00e4inen osakilpailu maanantaina meni siis todella &hellip; Continue reading &quot;Fin-5 p\u00e4\u00e4ttyi keskeytykseen&quot;\" \/>\n<meta property=\"og:url\" content=\"https:\/\/www.blogi.pauliforma.fi\/wordpress\/fin-5-paattyi-keskeytykseen\/\" \/>\n<meta property=\"og:site_name\" content=\"Pauli Forman blogi\" \/>\n<meta property=\"article:published_time\" content=\"2011-07-16T07:58:07+00:00\" \/>\n<meta property=\"article:modified_time\" content=\"2011-07-16T07:58:47+00:00\" \/>\n<meta property=\"og:image\" content=\"http:\/\/www.blogi.pauliforma.fi\/wordpress\/wp-content\/uploads\/2011\/07\/FIN5_maali.jpg\" \/>\n<meta name=\"author\" content=\"Pauli\" \/>\n<meta name=\"twitter:card\" content=\"summary_large_image\" \/>\n<meta name=\"twitter:creator\" content=\"@paufor\" \/>\n<meta name=\"twitter:site\" content=\"@paufor\" \/>\n<meta name=\"twitter:label1\" content=\"Written by\" \/>\n\t<meta name=\"twitter:data1\" content=\"Pauli\" \/>\n\t<meta name=\"twitter:label2\" content=\"Est. reading time\" \/>\n\t<meta name=\"twitter:data2\" content=\"1 minute\" \/>\n<script type=\"application\/ld+json\" class=\"yoast-schema-graph\">{\"@context\":\"https:\\\/\\\/schema.org\",\"@graph\":[{\"@type\":\"Article\",\"@id\":\"https:\\\/\\\/www.blogi.pauliforma.fi\\\/wordpress\\\/fin-5-paattyi-keskeytykseen\\\/#article\",\"isPartOf\":{\"@id\":\"https:\\\/\\\/www.blogi.pauliforma.fi\\\/wordpress\\\/fin-5-paattyi-keskeytykseen\\\/\"},\"author\":{\"name\":\"Pauli\",\"@id\":\"https:\\\/\\\/www.blogi.pauliforma.fi\\\/wordpress\\\/#\\\/schema\\\/person\\\/3a41b7cacf9bee4a5a755660888e98f9\"},\"headline\":\"Fin-5 p\u00e4\u00e4ttyi keskeytykseen\",\"datePublished\":\"2011-07-16T07:58:07+00:00\",\"dateModified\":\"2011-07-16T07:58:47+00:00\",\"mainEntityOfPage\":{\"@id\":\"https:\\\/\\\/www.blogi.pauliforma.fi\\\/wordpress\\\/fin-5-paattyi-keskeytykseen\\\/\"},\"wordCount\":157,\"commentCount\":0,\"image\":{\"@id\":\"https:\\\/\\\/www.blogi.pauliforma.fi\\\/wordpress\\\/fin-5-paattyi-keskeytykseen\\\/#primaryimage\"},\"thumbnailUrl\":\"http:\\\/\\\/www.blogi.pauliforma.fi\\\/wordpress\\\/wp-content\\\/uploads\\\/2011\\\/07\\\/FIN5_maali.jpg\",\"keywords\":[\"kisaraportit\",\"suunnistus\"],\"articleSection\":[\"Suunnistus\"],\"inLanguage\":\"en\",\"potentialAction\":[{\"@type\":\"CommentAction\",\"name\":\"Comment\",\"target\":[\"https:\\\/\\\/www.blogi.pauliforma.fi\\\/wordpress\\\/fin-5-paattyi-keskeytykseen\\\/#respond\"]}]},{\"@type\":\"WebPage\",\"@id\":\"https:\\\/\\\/www.blogi.pauliforma.fi\\\/wordpress\\\/fin-5-paattyi-keskeytykseen\\\/\",\"url\":\"https:\\\/\\\/www.blogi.pauliforma.fi\\\/wordpress\\\/fin-5-paattyi-keskeytykseen\\\/\",\"name\":\"Fin-5 p\u00e4\u00e4ttyi keskeytykseen - Pauli Forman blogi\",\"isPartOf\":{\"@id\":\"https:\\\/\\\/www.blogi.pauliforma.fi\\\/wordpress\\\/#website\"},\"primaryImageOfPage\":{\"@id\":\"https:\\\/\\\/www.blogi.pauliforma.fi\\\/wordpress\\\/fin-5-paattyi-keskeytykseen\\\/#primaryimage\"},\"image\":{\"@id\":\"https:\\\/\\\/www.blogi.pauliforma.fi\\\/wordpress\\\/fin-5-paattyi-keskeytykseen\\\/#primaryimage\"},\"thumbnailUrl\":\"http:\\\/\\\/www.blogi.pauliforma.fi\\\/wordpress\\\/wp-content\\\/uploads\\\/2011\\\/07\\\/FIN5_maali.jpg\",\"datePublished\":\"2011-07-16T07:58:07+00:00\",\"dateModified\":\"2011-07-16T07:58:47+00:00\",\"author\":{\"@id\":\"https:\\\/\\\/www.blogi.pauliforma.fi\\\/wordpress\\\/#\\\/schema\\\/person\\\/3a41b7cacf9bee4a5a755660888e98f9\"},\"breadcrumb\":{\"@id\":\"https:\\\/\\\/www.blogi.pauliforma.fi\\\/wordpress\\\/fin-5-paattyi-keskeytykseen\\\/#breadcrumb\"},\"inLanguage\":\"en\",\"potentialAction\":[{\"@type\":\"ReadAction\",\"target\":[\"https:\\\/\\\/www.blogi.pauliforma.fi\\\/wordpress\\\/fin-5-paattyi-keskeytykseen\\\/\"]}]},{\"@type\":\"ImageObject\",\"inLanguage\":\"en\",\"@id\":\"https:\\\/\\\/www.blogi.pauliforma.fi\\\/wordpress\\\/fin-5-paattyi-keskeytykseen\\\/#primaryimage\",\"url\":\"http:\\\/\\\/www.blogi.pauliforma.fi\\\/wordpress\\\/wp-content\\\/uploads\\\/2011\\\/07\\\/FIN5_maali.jpg\",\"contentUrl\":\"http:\\\/\\\/www.blogi.pauliforma.fi\\\/wordpress\\\/wp-content\\\/uploads\\\/2011\\\/07\\\/FIN5_maali.jpg\"},{\"@type\":\"BreadcrumbList\",\"@id\":\"https:\\\/\\\/www.blogi.pauliforma.fi\\\/wordpress\\\/fin-5-paattyi-keskeytykseen\\\/#breadcrumb\",\"itemListElement\":[{\"@type\":\"ListItem\",\"position\":1,\"name\":\"Home\",\"item\":\"https:\\\/\\\/www.blogi.pauliforma.fi\\\/wordpress\\\/\"},{\"@type\":\"ListItem\",\"position\":2,\"name\":\"Fin-5 p\u00e4\u00e4ttyi keskeytykseen\"}]},{\"@type\":\"WebSite\",\"@id\":\"https:\\\/\\\/www.blogi.pauliforma.fi\\\/wordpress\\\/#website\",\"url\":\"https:\\\/\\\/www.blogi.pauliforma.fi\\\/wordpress\\\/\",\"name\":\"Pauli Forman blogi\",\"description\":\"Kirjoituksia liikuntaharrastuksista\",\"potentialAction\":[{\"@type\":\"SearchAction\",\"target\":{\"@type\":\"EntryPoint\",\"urlTemplate\":\"https:\\\/\\\/www.blogi.pauliforma.fi\\\/wordpress\\\/?s={search_term_string}\"},\"query-input\":{\"@type\":\"PropertyValueSpecification\",\"valueRequired\":true,\"valueName\":\"search_term_string\"}}],\"inLanguage\":\"en\"},{\"@type\":\"Person\",\"@id\":\"https:\\\/\\\/www.blogi.pauliforma.fi\\\/wordpress\\\/#\\\/schema\\\/person\\\/3a41b7cacf9bee4a5a755660888e98f9\",\"name\":\"Pauli\",\"image\":{\"@type\":\"ImageObject\",\"inLanguage\":\"en\",\"@id\":\"https:\\\/\\\/secure.gravatar.com\\\/avatar\\\/a73a17880042594bb4df231270e6a0814ac3e2411e0db5707c24b2d4f8024b43?s=96&d=mm&r=g\",\"url\":\"https:\\\/\\\/secure.gravatar.com\\\/avatar\\\/a73a17880042594bb4df231270e6a0814ac3e2411e0db5707c24b2d4f8024b43?s=96&d=mm&r=g\",\"contentUrl\":\"https:\\\/\\\/secure.gravatar.com\\\/avatar\\\/a73a17880042594bb4df231270e6a0814ac3e2411e0db5707c24b2d4f8024b43?s=96&d=mm&r=g\",\"caption\":\"Pauli\"},\"sameAs\":[\"http:\\\/\\\/www.pauliforma.fi\"],\"url\":\"https:\\\/\\\/www.blogi.pauliforma.fi\\\/wordpress\\\/author\\\/admin\\\/\"}]}<\/script>\n<!-- \/ Yoast SEO plugin. -->","yoast_head_json":{"title":"Fin-5 p\u00e4\u00e4ttyi keskeytykseen - Pauli Forman blogi","robots":{"index":"index","follow":"follow","max-snippet":"max-snippet:-1","max-image-preview":"max-image-preview:large","max-video-preview":"max-video-preview:-1"},"canonical":"https:\/\/www.blogi.pauliforma.fi\/wordpress\/fin-5-paattyi-keskeytykseen\/","og_locale":"en_US","og_type":"article","og_title":"Fin-5 p\u00e4\u00e4ttyi keskeytykseen - Pauli Forman blogi","og_description":"Tosiaan keskeytys ensimm\u00e4isell\u00e4 rastiiviikolla on tosiasia. Syyn\u00e4 sairastuminen. Torstaina aamulla olo tuntui hieman ep\u00e4m\u00e4\u00e4r\u00e4iselt\u00e4 kisoihin l\u00e4htiess\u00e4. Sitten maaliin tullessa olo olo todella heikko. Kotona mittasin kuumetta ja mittari n\u00e4ytti yli 38 ja nousi viel\u00e4 yli 39:s\u00e4n. Samat lukemat perjantaina. Ei hirve\u00e4sti edes harmita. Pient\u00e4 yhteenvetoa viikosta voi silti tehd\u00e4. Ensimm\u00e4inen osakilpailu maanantaina meni siis todella &hellip; Continue reading \"Fin-5 p\u00e4\u00e4ttyi keskeytykseen\"","og_url":"https:\/\/www.blogi.pauliforma.fi\/wordpress\/fin-5-paattyi-keskeytykseen\/","og_site_name":"Pauli Forman blogi","article_published_time":"2011-07-16T07:58:07+00:00","article_modified_time":"2011-07-16T07:58:47+00:00","og_image":[{"url":"http:\/\/www.blogi.pauliforma.fi\/wordpress\/wp-content\/uploads\/2011\/07\/FIN5_maali.jpg","type":"","width":"","height":""}],"author":"Pauli","twitter_card":"summary_large_image","twitter_creator":"@paufor","twitter_site":"@paufor","twitter_misc":{"Written by":"Pauli","Est. reading time":"1 minute"},"schema":{"@context":"https:\/\/schema.org","@graph":[{"@type":"Article","@id":"https:\/\/www.blogi.pauliforma.fi\/wordpress\/fin-5-paattyi-keskeytykseen\/#article","isPartOf":{"@id":"https:\/\/www.blogi.pauliforma.fi\/wordpress\/fin-5-paattyi-keskeytykseen\/"},"author":{"name":"Pauli","@id":"https:\/\/www.blogi.pauliforma.fi\/wordpress\/#\/schema\/person\/3a41b7cacf9bee4a5a755660888e98f9"},"headline":"Fin-5 p\u00e4\u00e4ttyi keskeytykseen","datePublished":"2011-07-16T07:58:07+00:00","dateModified":"2011-07-16T07:58:47+00:00","mainEntityOfPage":{"@id":"https:\/\/www.blogi.pauliforma.fi\/wordpress\/fin-5-paattyi-keskeytykseen\/"},"wordCount":157,"commentCount":0,"image":{"@id":"https:\/\/www.blogi.pauliforma.fi\/wordpress\/fin-5-paattyi-keskeytykseen\/#primaryimage"},"thumbnailUrl":"http:\/\/www.blogi.pauliforma.fi\/wordpress\/wp-content\/uploads\/2011\/07\/FIN5_maali.jpg","keywords":["kisaraportit","suunnistus"],"articleSection":["Suunnistus"],"inLanguage":"en","potentialAction":[{"@type":"CommentAction","name":"Comment","target":["https:\/\/www.blogi.pauliforma.fi\/wordpress\/fin-5-paattyi-keskeytykseen\/#respond"]}]},{"@type":"WebPage","@id":"https:\/\/www.blogi.pauliforma.fi\/wordpress\/fin-5-paattyi-keskeytykseen\/","url":"https:\/\/www.blogi.pauliforma.fi\/wordpress\/fin-5-paattyi-keskeytykseen\/","name":"Fin-5 p\u00e4\u00e4ttyi keskeytykseen - Pauli Forman blogi","isPartOf":{"@id":"https:\/\/www.blogi.pauliforma.fi\/wordpress\/#website"},"primaryImageOfPage":{"@id":"https:\/\/www.blogi.pauliforma.fi\/wordpress\/fin-5-paattyi-keskeytykseen\/#primaryimage"},"image":{"@id":"https:\/\/www.blogi.pauliforma.fi\/wordpress\/fin-5-paattyi-keskeytykseen\/#primaryimage"},"thumbnailUrl":"http:\/\/www.blogi.pauliforma.fi\/wordpress\/wp-content\/uploads\/2011\/07\/FIN5_maali.jpg","datePublished":"2011-07-16T07:58:07+00:00","dateModified":"2011-07-16T07:58:47+00:00","author":{"@id":"https:\/\/www.blogi.pauliforma.fi\/wordpress\/#\/schema\/person\/3a41b7cacf9bee4a5a755660888e98f9"},"breadcrumb":{"@id":"https:\/\/www.blogi.pauliforma.fi\/wordpress\/fin-5-paattyi-keskeytykseen\/#breadcrumb"},"inLanguage":"en","potentialAction":[{"@type":"ReadAction","target":["https:\/\/www.blogi.pauliforma.fi\/wordpress\/fin-5-paattyi-keskeytykseen\/"]}]},{"@type":"ImageObject","inLanguage":"en","@id":"https:\/\/www.blogi.pauliforma.fi\/wordpress\/fin-5-paattyi-keskeytykseen\/#primaryimage","url":"http:\/\/www.blogi.pauliforma.fi\/wordpress\/wp-content\/uploads\/2011\/07\/FIN5_maali.jpg","contentUrl":"http:\/\/www.blogi.pauliforma.fi\/wordpress\/wp-content\/uploads\/2011\/07\/FIN5_maali.jpg"},{"@type":"BreadcrumbList","@id":"https:\/\/www.blogi.pauliforma.fi\/wordpress\/fin-5-paattyi-keskeytykseen\/#breadcrumb","itemListElement":[{"@type":"ListItem","position":1,"name":"Home","item":"https:\/\/www.blogi.pauliforma.fi\/wordpress\/"},{"@type":"ListItem","position":2,"name":"Fin-5 p\u00e4\u00e4ttyi keskeytykseen"}]},{"@type":"WebSite","@id":"https:\/\/www.blogi.pauliforma.fi\/wordpress\/#website","url":"https:\/\/www.blogi.pauliforma.fi\/wordpress\/","name":"Pauli Forman blogi","description":"Kirjoituksia liikuntaharrastuksista","potentialAction":[{"@type":"SearchAction","target":{"@type":"EntryPoint","urlTemplate":"https:\/\/www.blogi.pauliforma.fi\/wordpress\/?s={search_term_string}"},"query-input":{"@type":"PropertyValueSpecification","valueRequired":true,"valueName":"search_term_string"}}],"inLanguage":"en"},{"@type":"Person","@id":"https:\/\/www.blogi.pauliforma.fi\/wordpress\/#\/schema\/person\/3a41b7cacf9bee4a5a755660888e98f9","name":"Pauli","image":{"@type":"ImageObject","inLanguage":"en","@id":"https:\/\/secure.gravatar.com\/avatar\/a73a17880042594bb4df231270e6a0814ac3e2411e0db5707c24b2d4f8024b43?s=96&d=mm&r=g","url":"https:\/\/secure.gravatar.com\/avatar\/a73a17880042594bb4df231270e6a0814ac3e2411e0db5707c24b2d4f8024b43?s=96&d=mm&r=g","contentUrl":"https:\/\/secure.gravatar.com\/avatar\/a73a17880042594bb4df231270e6a0814ac3e2411e0db5707c24b2d4f8024b43?s=96&d=mm&r=g","caption":"Pauli"},"sameAs":["http:\/\/www.pauliforma.fi"],"url":"https:\/\/www.blogi.pauliforma.fi\/wordpress\/author\/admin\/"}]}},"_links":{"self":[{"href":"https:\/\/www.blogi.pauliforma.fi\/wordpress\/wp-json\/wp\/v2\/posts\/1493","targetHints":{"allow":["GET"]}}],"collection":[{"href":"https:\/\/www.blogi.pauliforma.fi\/wordpress\/wp-json\/wp\/v2\/posts"}],"about":[{"href":"https:\/\/www.blogi.pauliforma.fi\/wordpress\/wp-json\/wp\/v2\/types\/post"}],"author":[{"embeddable":true,"href":"https:\/\/www.blogi.pauliforma.fi\/wordpress\/wp-json\/wp\/v2\/users\/1"}],"replies":[{"embeddable":true,"href":"https:\/\/www.blogi.pauliforma.fi\/wordpress\/wp-json\/wp\/v2\/comments?post=1493"}],"version-history":[{"count":2,"href":"https:\/\/www.blogi.pauliforma.fi\/wordpress\/wp-json\/wp\/v2\/posts\/1493\/revisions"}],"predecessor-version":[{"id":1496,"href":"https:\/\/www.blogi.pauliforma.fi\/wordpress\/wp-json\/wp\/v2\/posts\/1493\/revisions\/1496"}],"wp:attachment":[{"href":"https:\/\/www.blogi.pauliforma.fi\/wordpress\/wp-json\/wp\/v2\/media?parent=1493"}],"wp:term":[{"taxonomy":"category","embeddable":true,"href":"https:\/\/www.blogi.pauliforma.fi\/wordpress\/wp-json\/wp\/v2\/categories?post=1493"},{"taxonomy":"post_tag","embeddable":true,"href":"https:\/\/www.blogi.pauliforma.fi\/wordpress\/wp-json\/wp\/v2\/tags?post=1493"}],"curies":[{"name":"wp","href":"https:\/\/api.w.org\/{rel}","templated":true}]}}