{"id":1206,"date":"2011-03-06T20:18:55","date_gmt":"2011-03-06T18:18:55","guid":{"rendered":"http:\/\/www.blogi.pauliforma.fi\/wordpress\/?p=1206"},"modified":"2011-03-07T12:39:26","modified_gmt":"2011-03-07T10:39:26","slug":"raportti-pirkan-hiihdosta-2011","status":"publish","type":"post","link":"https:\/\/www.blogi.pauliforma.fi\/wordpress\/raportti-pirkan-hiihdosta-2011\/","title":{"rendered":"Raportti Pirkan hiihdosta 2011"},"content":{"rendered":"<p>Se on sitten takana. Pirkan hiihto 90 km aikaan 6.46. Tulokset ovat <a href=\"http:\/\/www.pirkankierros.fi\/Tulokset_2011HI_Index.htm\">t\u00e4\u00e4ll\u00e4<\/a>. Sijaluku M40-sarjassa oli 94. Kova sarja, sill\u00e4 samalla ajalla yleisess\u00e4 sarjassa olisin ollut sijalla 88.<\/p>\n<p>Reitti oheisella kartalla, tarkempaa dataa saa klikkaamalla &#8220;n\u00e4yt\u00e4 tiedot&#8221;.<\/p>\n<p><iframe width='465' height='548' frameborder='0' src='http:\/\/connect.garmin.com:80\/activity\/embed\/71578515'><\/iframe><\/p>\n<p>P\u00e4iv\u00e4n kulku oli seuraava:<\/p>\n<p>Her\u00e4tys aamulla kello 5:00 Honkajoella. L\u00e4mp\u00f6mittari n\u00e4ytti -6 C pakkasastetta. Eli hyv\u00e4lt\u00e4 n\u00e4ytti heti kelin n\u00e4k\u00f6kulmasta. Kahvia, puuroa, urheilujuomaa ja pari hermokerrosta pitoa viel\u00e4 suksiin alle. Sykemittarin p\u00e4\u00e4tin j\u00e4tt\u00e4\u00e4 pois. Ensinn\u00e4kin siksi, ett\u00e4 ei sit\u00e4 tulisi juuri katseltua eik\u00e4 se ainakaan vauhtiin mit\u00e4\u00e4n vaikuttaisi vaikka katselisi. Toisaalta pelk\u00e4sin, ett\u00e4 Garminin akku loppuu ennen maalia jos se mittaa viel\u00e4 sykett\u00e4kin.<\/p>\n<p>Sitten siirtyminen Niinisaloon.<\/p>\n<p>Siell\u00e4 Tykkikent\u00e4ll\u00e4 oli t\u00e4ysi tohina. Laukku kuljetukseen ja l\u00e4ht\u00f6viivalle. Menin puolir\u00f6yhke\u00e4sti oman karsinan l\u00e4hes eturiviin. Siin\u00e4 sitten alkupuheet, tykinlaukaus ja menoksi.<\/p>\n<p>Keli oli loistava, latu oli j\u00e4isen kova. Hiihtelin rauhallisesti ja rennosti. Ensimm\u00e4isen kympin aika taisi olla per\u00e4ti 40 minuuttia suurinpiirtein vaikka en todellakaan riuhtonut vauhtia. J\u00e4mi, Varppee ja Vatula. Vatulassa oli pari yl\u00e4m\u00e4ke\u00e4 ja niiden j\u00e4lkeen v\u00e4h\u00e4n alkoi ensimm\u00e4isen kerran tuntumaan, ett\u00e4 ollaan sent\u00e4\u00e4n hiiht\u00e4m\u00e4ss\u00e4.<\/p>\n<p>H\u00e4meenkyr\u00f6n lentokent\u00e4ll\u00e4 Puoli-Pirkan hiiht\u00e4j\u00e4t olivat juuri l\u00e4hteneet matkaan ja kulkivat siis edell\u00e4. T\u00e4m\u00e4 ruuhkautti aika pahastikin huoltoja H\u00e4meenkyr\u00f6st\u00e4 eteenp\u00e4in. Ei mit\u00e4\u00e4n ongelmaa menossa H\u00e4meenkyr\u00f6lle saakka, n\u00e4inh\u00e4n se oli tarkoituskin.<\/p>\n<p>Kyr\u00f6skoskella oli kilometrin k\u00e4velyosuus ja tein siin\u00e4 taktisen ratkaisun, joka osoittautui hyv\u00e4ksi. Eli kun sukset kerran otettiin pois jalasta, ja pito oli alkanut olemaan hiukan herkk\u00e4n\u00e4 ennen H\u00e4meenkyr\u00f6\u00e4, lis\u00e4sin pidoksi yhden kerroksen pehme\u00e4\u00e4 purkkia. Syit\u00e4 oli lopulta monia:<\/p>\n<ul>\n<li>keli l\u00e4mpeni<\/li>\n<li>edess\u00e4 oli osuus, jossa oli yl\u00e4m\u00e4ki\u00e4<\/li>\n<li>potkusta tuli kenties\u00a0pehme\u00e4mpi kun v\u00e4symys eteni<\/li>\n<li>pito oli jo kulunut pois suksista<\/li>\n<\/ul>\n<p>Ratkaisu oli todella hyv\u00e4 ja pito pysyi loppuun saakka t\u00e4ydellisen\u00e4. Luistossakin l\u00f6ytyi, laskin monissa pitkiss\u00e4 alam\u00e4iss\u00e4 muiden ohi tai pysyin ainakin mukana. Sukset toimivat koko ajan erinomaisesti.<\/p>\n<p>Seuraavat huoltopisteet olivat Lintuharju, Rokkakoski ja Pentimaa. Otin kaikilla huoltopisteill\u00e4 urheilujuomaa 1-2 mukia, rusinoita ja v\u00e4h\u00e4n energiageeli\u00e4 omasta pussista. Energiaa oli n\u00e4ill\u00e4 ev\u00e4ill\u00e4 varsin hyvin, tosin taso vaihteli, eli v\u00e4lill\u00e4 tuntui pahalta, sitten kohta taas taas v\u00e4h\u00e4n paremmalta.<\/p>\n<p>Helppoa oli siis H\u00e4meenkyr\u00f6\u00f6n saakka, sen j\u00e4lkeen alkoi tuntua v\u00e4h\u00e4n raskaammalta. Rokkakosken yl\u00e4m\u00e4ki ei kyll\u00e4 ollut niin paha kuin milt\u00e4 se\u00a0<a href=\"http:\/\/www.pirkankierros.fi\/hiihto_profiili.pdf\">kartasta<\/a> n\u00e4ytt\u00e4\u00e4. Mutta loppumatkasta jokainen yl\u00e4m\u00e4ki tuntui jonkin verran pahalta. Lopussa tuolla Pentinmaa Julkuj\u00e4rvi akselilla matka alkoi painaa, pystyin kuitenkin pit\u00e4m\u00e4\u00e4n hyvin vauhtia tasaisella, mutta yl\u00e4m\u00e4iss\u00e4 jouduin ottamaan rauhallisesti (niin kyll\u00e4 muutkin).<\/p>\n<p>Voin sanoa, ett\u00e4 &#8220;Maali 3 km&#8221;-kyltin n\u00e4keminen tuntui hyv\u00e4lt\u00e4, viel\u00e4 paremmalta tosin se kun matkaa oli 1 km. Sen j\u00e4lkeen kun maaliin oli matkaa 10 km, tuntui jo silt\u00e4, ett\u00e4 ohi on.<\/p>\n<p>Kelloa katsoin ensimm\u00e4isen kympin j\u00e4lkeen ja toisen kerran H\u00e4meenkyr\u00f6ss\u00e4, jossa huomasin ett\u00e4 alku oli mennyt jopa kovempaa kuin viime vuonna puolikas. Hyv\u00e4, tavoitetta parempi aika, oli maalissa yll\u00e4tys.<\/p>\n<p>Kaiken kaikkiaan olen hyvin tyytyv\u00e4inen. Aika paljon on treenattu, siksi on mukava kun projekti p\u00e4\u00e4ttyi onnistumiseen.<\/p>\n<p>Pirkan Hiihto on todella hyv\u00e4 urheilutapahtuma, erityisesti l\u00e4hd\u00f6ss\u00e4 on tunnelmaa aamu seitsem\u00e4lt\u00e4. Maastokin on todella hieno, my\u00f6s pitki\u00e4 alam\u00e4ki\u00e4 l\u00f6ytyy.<\/p>\n<p>Ellei mit\u00e4\u00e4n erikoista ilmene vammapuolella tai muuten, siell\u00e4 ollaan l\u00e4hd\u00f6ss\u00e4 Niinisalossa vuoden p\u00e4\u00e4st\u00e4 taas.<\/p>\n<p>T\u00e4t\u00e4 kirjoittaessa paikat ovat ihan mukavassa kunnossa, jos tilannetta vertaa maratonien j\u00e4lkitilaan.<\/p>\n<p>Nyt sitten palauttelua ensi viikko oikeastaan ja sitten katseet kohti suunnistuskautta.<\/p>\n","protected":false},"excerpt":{"rendered":"<p>Se on sitten takana. Pirkan hiihto 90 km aikaan 6.46. Tulokset ovat t\u00e4\u00e4ll\u00e4. Sijaluku M40-sarjassa oli 94. Kova sarja, sill\u00e4 samalla ajalla yleisess\u00e4 sarjassa olisin ollut sijalla 88. Reitti oheisella kartalla, tarkempaa dataa saa klikkaamalla &#8220;n\u00e4yt\u00e4 tiedot&#8221;. P\u00e4iv\u00e4n kulku oli seuraava: Her\u00e4tys aamulla kello 5:00 Honkajoella. L\u00e4mp\u00f6mittari n\u00e4ytti -6 C pakkasastetta. Eli hyv\u00e4lt\u00e4 n\u00e4ytti heti &hellip; <\/p>\n<p class=\"link-more\"><a href=\"https:\/\/www.blogi.pauliforma.fi\/wordpress\/raportti-pirkan-hiihdosta-2011\/\" class=\"more-link\">Continue reading<span class=\"screen-reader-text\"> &#8220;Raportti Pirkan hiihdosta 2011&#8221;<\/span><\/a><\/p>\n","protected":false},"author":1,"featured_media":0,"comment_status":"open","ping_status":"closed","sticky":false,"template":"","format":"standard","meta":{"_monsterinsights_skip_tracking":false,"_monsterinsights_sitenote_active":false,"_monsterinsights_sitenote_note":"","_monsterinsights_sitenote_category":0,"footnotes":""},"categories":[33],"tags":[],"class_list":["post-1206","post","type-post","status-publish","format-standard","hentry","category-hiihto"],"yoast_head":"<!-- This site is optimized with the Yoast SEO plugin v27.7 - https:\/\/yoast.com\/product\/yoast-seo-wordpress\/ -->\n<title>Raportti Pirkan hiihdosta 2011 - Pauli Forman blogi<\/title>\n<meta name=\"robots\" content=\"index, follow, max-snippet:-1, max-image-preview:large, max-video-preview:-1\" \/>\n<link rel=\"canonical\" href=\"https:\/\/www.blogi.pauliforma.fi\/wordpress\/raportti-pirkan-hiihdosta-2011\/\" \/>\n<meta property=\"og:locale\" content=\"en_US\" \/>\n<meta property=\"og:type\" content=\"article\" \/>\n<meta property=\"og:title\" content=\"Raportti Pirkan hiihdosta 2011 - Pauli Forman blogi\" \/>\n<meta property=\"og:description\" content=\"Se on sitten takana. Pirkan hiihto 90 km aikaan 6.46. Tulokset ovat t\u00e4\u00e4ll\u00e4. Sijaluku M40-sarjassa oli 94. Kova sarja, sill\u00e4 samalla ajalla yleisess\u00e4 sarjassa olisin ollut sijalla 88. Reitti oheisella kartalla, tarkempaa dataa saa klikkaamalla &#8220;n\u00e4yt\u00e4 tiedot&#8221;. P\u00e4iv\u00e4n kulku oli seuraava: Her\u00e4tys aamulla kello 5:00 Honkajoella. L\u00e4mp\u00f6mittari n\u00e4ytti -6 C pakkasastetta. Eli hyv\u00e4lt\u00e4 n\u00e4ytti heti &hellip; Continue reading &quot;Raportti Pirkan hiihdosta 2011&quot;\" \/>\n<meta property=\"og:url\" content=\"https:\/\/www.blogi.pauliforma.fi\/wordpress\/raportti-pirkan-hiihdosta-2011\/\" \/>\n<meta property=\"og:site_name\" content=\"Pauli Forman blogi\" \/>\n<meta property=\"article:published_time\" content=\"2011-03-06T18:18:55+00:00\" \/>\n<meta property=\"article:modified_time\" content=\"2011-03-07T10:39:26+00:00\" \/>\n<meta name=\"author\" content=\"Pauli\" \/>\n<meta name=\"twitter:card\" content=\"summary_large_image\" \/>\n<meta name=\"twitter:creator\" content=\"@paufor\" \/>\n<meta name=\"twitter:site\" content=\"@paufor\" \/>\n<meta name=\"twitter:label1\" content=\"Written by\" \/>\n\t<meta name=\"twitter:data1\" content=\"Pauli\" \/>\n\t<meta name=\"twitter:label2\" content=\"Est. reading time\" \/>\n\t<meta name=\"twitter:data2\" content=\"3 minutes\" \/>\n<script type=\"application\/ld+json\" class=\"yoast-schema-graph\">{\"@context\":\"https:\\\/\\\/schema.org\",\"@graph\":[{\"@type\":\"Article\",\"@id\":\"https:\\\/\\\/www.blogi.pauliforma.fi\\\/wordpress\\\/raportti-pirkan-hiihdosta-2011\\\/#article\",\"isPartOf\":{\"@id\":\"https:\\\/\\\/www.blogi.pauliforma.fi\\\/wordpress\\\/raportti-pirkan-hiihdosta-2011\\\/\"},\"author\":{\"name\":\"Pauli\",\"@id\":\"https:\\\/\\\/www.blogi.pauliforma.fi\\\/wordpress\\\/#\\\/schema\\\/person\\\/3a41b7cacf9bee4a5a755660888e98f9\"},\"headline\":\"Raportti Pirkan hiihdosta 2011\",\"datePublished\":\"2011-03-06T18:18:55+00:00\",\"dateModified\":\"2011-03-07T10:39:26+00:00\",\"mainEntityOfPage\":{\"@id\":\"https:\\\/\\\/www.blogi.pauliforma.fi\\\/wordpress\\\/raportti-pirkan-hiihdosta-2011\\\/\"},\"wordCount\":615,\"commentCount\":0,\"articleSection\":[\"Hiihto\"],\"inLanguage\":\"en\",\"potentialAction\":[{\"@type\":\"CommentAction\",\"name\":\"Comment\",\"target\":[\"https:\\\/\\\/www.blogi.pauliforma.fi\\\/wordpress\\\/raportti-pirkan-hiihdosta-2011\\\/#respond\"]}]},{\"@type\":\"WebPage\",\"@id\":\"https:\\\/\\\/www.blogi.pauliforma.fi\\\/wordpress\\\/raportti-pirkan-hiihdosta-2011\\\/\",\"url\":\"https:\\\/\\\/www.blogi.pauliforma.fi\\\/wordpress\\\/raportti-pirkan-hiihdosta-2011\\\/\",\"name\":\"Raportti Pirkan hiihdosta 2011 - Pauli Forman blogi\",\"isPartOf\":{\"@id\":\"https:\\\/\\\/www.blogi.pauliforma.fi\\\/wordpress\\\/#website\"},\"datePublished\":\"2011-03-06T18:18:55+00:00\",\"dateModified\":\"2011-03-07T10:39:26+00:00\",\"author\":{\"@id\":\"https:\\\/\\\/www.blogi.pauliforma.fi\\\/wordpress\\\/#\\\/schema\\\/person\\\/3a41b7cacf9bee4a5a755660888e98f9\"},\"breadcrumb\":{\"@id\":\"https:\\\/\\\/www.blogi.pauliforma.fi\\\/wordpress\\\/raportti-pirkan-hiihdosta-2011\\\/#breadcrumb\"},\"inLanguage\":\"en\",\"potentialAction\":[{\"@type\":\"ReadAction\",\"target\":[\"https:\\\/\\\/www.blogi.pauliforma.fi\\\/wordpress\\\/raportti-pirkan-hiihdosta-2011\\\/\"]}]},{\"@type\":\"BreadcrumbList\",\"@id\":\"https:\\\/\\\/www.blogi.pauliforma.fi\\\/wordpress\\\/raportti-pirkan-hiihdosta-2011\\\/#breadcrumb\",\"itemListElement\":[{\"@type\":\"ListItem\",\"position\":1,\"name\":\"Home\",\"item\":\"https:\\\/\\\/www.blogi.pauliforma.fi\\\/wordpress\\\/\"},{\"@type\":\"ListItem\",\"position\":2,\"name\":\"Raportti Pirkan hiihdosta 2011\"}]},{\"@type\":\"WebSite\",\"@id\":\"https:\\\/\\\/www.blogi.pauliforma.fi\\\/wordpress\\\/#website\",\"url\":\"https:\\\/\\\/www.blogi.pauliforma.fi\\\/wordpress\\\/\",\"name\":\"Pauli Forman blogi\",\"description\":\"Kirjoituksia liikuntaharrastuksista\",\"potentialAction\":[{\"@type\":\"SearchAction\",\"target\":{\"@type\":\"EntryPoint\",\"urlTemplate\":\"https:\\\/\\\/www.blogi.pauliforma.fi\\\/wordpress\\\/?s={search_term_string}\"},\"query-input\":{\"@type\":\"PropertyValueSpecification\",\"valueRequired\":true,\"valueName\":\"search_term_string\"}}],\"inLanguage\":\"en\"},{\"@type\":\"Person\",\"@id\":\"https:\\\/\\\/www.blogi.pauliforma.fi\\\/wordpress\\\/#\\\/schema\\\/person\\\/3a41b7cacf9bee4a5a755660888e98f9\",\"name\":\"Pauli\",\"image\":{\"@type\":\"ImageObject\",\"inLanguage\":\"en\",\"@id\":\"https:\\\/\\\/secure.gravatar.com\\\/avatar\\\/a73a17880042594bb4df231270e6a0814ac3e2411e0db5707c24b2d4f8024b43?s=96&d=mm&r=g\",\"url\":\"https:\\\/\\\/secure.gravatar.com\\\/avatar\\\/a73a17880042594bb4df231270e6a0814ac3e2411e0db5707c24b2d4f8024b43?s=96&d=mm&r=g\",\"contentUrl\":\"https:\\\/\\\/secure.gravatar.com\\\/avatar\\\/a73a17880042594bb4df231270e6a0814ac3e2411e0db5707c24b2d4f8024b43?s=96&d=mm&r=g\",\"caption\":\"Pauli\"},\"sameAs\":[\"http:\\\/\\\/www.pauliforma.fi\"],\"url\":\"https:\\\/\\\/www.blogi.pauliforma.fi\\\/wordpress\\\/author\\\/admin\\\/\"}]}<\/script>\n<!-- \/ Yoast SEO plugin. -->","yoast_head_json":{"title":"Raportti Pirkan hiihdosta 2011 - Pauli Forman blogi","robots":{"index":"index","follow":"follow","max-snippet":"max-snippet:-1","max-image-preview":"max-image-preview:large","max-video-preview":"max-video-preview:-1"},"canonical":"https:\/\/www.blogi.pauliforma.fi\/wordpress\/raportti-pirkan-hiihdosta-2011\/","og_locale":"en_US","og_type":"article","og_title":"Raportti Pirkan hiihdosta 2011 - Pauli Forman blogi","og_description":"Se on sitten takana. Pirkan hiihto 90 km aikaan 6.46. Tulokset ovat t\u00e4\u00e4ll\u00e4. Sijaluku M40-sarjassa oli 94. Kova sarja, sill\u00e4 samalla ajalla yleisess\u00e4 sarjassa olisin ollut sijalla 88. Reitti oheisella kartalla, tarkempaa dataa saa klikkaamalla &#8220;n\u00e4yt\u00e4 tiedot&#8221;. P\u00e4iv\u00e4n kulku oli seuraava: Her\u00e4tys aamulla kello 5:00 Honkajoella. L\u00e4mp\u00f6mittari n\u00e4ytti -6 C pakkasastetta. Eli hyv\u00e4lt\u00e4 n\u00e4ytti heti &hellip; Continue reading \"Raportti Pirkan hiihdosta 2011\"","og_url":"https:\/\/www.blogi.pauliforma.fi\/wordpress\/raportti-pirkan-hiihdosta-2011\/","og_site_name":"Pauli Forman blogi","article_published_time":"2011-03-06T18:18:55+00:00","article_modified_time":"2011-03-07T10:39:26+00:00","author":"Pauli","twitter_card":"summary_large_image","twitter_creator":"@paufor","twitter_site":"@paufor","twitter_misc":{"Written by":"Pauli","Est. reading time":"3 minutes"},"schema":{"@context":"https:\/\/schema.org","@graph":[{"@type":"Article","@id":"https:\/\/www.blogi.pauliforma.fi\/wordpress\/raportti-pirkan-hiihdosta-2011\/#article","isPartOf":{"@id":"https:\/\/www.blogi.pauliforma.fi\/wordpress\/raportti-pirkan-hiihdosta-2011\/"},"author":{"name":"Pauli","@id":"https:\/\/www.blogi.pauliforma.fi\/wordpress\/#\/schema\/person\/3a41b7cacf9bee4a5a755660888e98f9"},"headline":"Raportti Pirkan hiihdosta 2011","datePublished":"2011-03-06T18:18:55+00:00","dateModified":"2011-03-07T10:39:26+00:00","mainEntityOfPage":{"@id":"https:\/\/www.blogi.pauliforma.fi\/wordpress\/raportti-pirkan-hiihdosta-2011\/"},"wordCount":615,"commentCount":0,"articleSection":["Hiihto"],"inLanguage":"en","potentialAction":[{"@type":"CommentAction","name":"Comment","target":["https:\/\/www.blogi.pauliforma.fi\/wordpress\/raportti-pirkan-hiihdosta-2011\/#respond"]}]},{"@type":"WebPage","@id":"https:\/\/www.blogi.pauliforma.fi\/wordpress\/raportti-pirkan-hiihdosta-2011\/","url":"https:\/\/www.blogi.pauliforma.fi\/wordpress\/raportti-pirkan-hiihdosta-2011\/","name":"Raportti Pirkan hiihdosta 2011 - Pauli Forman blogi","isPartOf":{"@id":"https:\/\/www.blogi.pauliforma.fi\/wordpress\/#website"},"datePublished":"2011-03-06T18:18:55+00:00","dateModified":"2011-03-07T10:39:26+00:00","author":{"@id":"https:\/\/www.blogi.pauliforma.fi\/wordpress\/#\/schema\/person\/3a41b7cacf9bee4a5a755660888e98f9"},"breadcrumb":{"@id":"https:\/\/www.blogi.pauliforma.fi\/wordpress\/raportti-pirkan-hiihdosta-2011\/#breadcrumb"},"inLanguage":"en","potentialAction":[{"@type":"ReadAction","target":["https:\/\/www.blogi.pauliforma.fi\/wordpress\/raportti-pirkan-hiihdosta-2011\/"]}]},{"@type":"BreadcrumbList","@id":"https:\/\/www.blogi.pauliforma.fi\/wordpress\/raportti-pirkan-hiihdosta-2011\/#breadcrumb","itemListElement":[{"@type":"ListItem","position":1,"name":"Home","item":"https:\/\/www.blogi.pauliforma.fi\/wordpress\/"},{"@type":"ListItem","position":2,"name":"Raportti Pirkan hiihdosta 2011"}]},{"@type":"WebSite","@id":"https:\/\/www.blogi.pauliforma.fi\/wordpress\/#website","url":"https:\/\/www.blogi.pauliforma.fi\/wordpress\/","name":"Pauli Forman blogi","description":"Kirjoituksia liikuntaharrastuksista","potentialAction":[{"@type":"SearchAction","target":{"@type":"EntryPoint","urlTemplate":"https:\/\/www.blogi.pauliforma.fi\/wordpress\/?s={search_term_string}"},"query-input":{"@type":"PropertyValueSpecification","valueRequired":true,"valueName":"search_term_string"}}],"inLanguage":"en"},{"@type":"Person","@id":"https:\/\/www.blogi.pauliforma.fi\/wordpress\/#\/schema\/person\/3a41b7cacf9bee4a5a755660888e98f9","name":"Pauli","image":{"@type":"ImageObject","inLanguage":"en","@id":"https:\/\/secure.gravatar.com\/avatar\/a73a17880042594bb4df231270e6a0814ac3e2411e0db5707c24b2d4f8024b43?s=96&d=mm&r=g","url":"https:\/\/secure.gravatar.com\/avatar\/a73a17880042594bb4df231270e6a0814ac3e2411e0db5707c24b2d4f8024b43?s=96&d=mm&r=g","contentUrl":"https:\/\/secure.gravatar.com\/avatar\/a73a17880042594bb4df231270e6a0814ac3e2411e0db5707c24b2d4f8024b43?s=96&d=mm&r=g","caption":"Pauli"},"sameAs":["http:\/\/www.pauliforma.fi"],"url":"https:\/\/www.blogi.pauliforma.fi\/wordpress\/author\/admin\/"}]}},"_links":{"self":[{"href":"https:\/\/www.blogi.pauliforma.fi\/wordpress\/wp-json\/wp\/v2\/posts\/1206","targetHints":{"allow":["GET"]}}],"collection":[{"href":"https:\/\/www.blogi.pauliforma.fi\/wordpress\/wp-json\/wp\/v2\/posts"}],"about":[{"href":"https:\/\/www.blogi.pauliforma.fi\/wordpress\/wp-json\/wp\/v2\/types\/post"}],"author":[{"embeddable":true,"href":"https:\/\/www.blogi.pauliforma.fi\/wordpress\/wp-json\/wp\/v2\/users\/1"}],"replies":[{"embeddable":true,"href":"https:\/\/www.blogi.pauliforma.fi\/wordpress\/wp-json\/wp\/v2\/comments?post=1206"}],"version-history":[{"count":14,"href":"https:\/\/www.blogi.pauliforma.fi\/wordpress\/wp-json\/wp\/v2\/posts\/1206\/revisions"}],"predecessor-version":[{"id":1220,"href":"https:\/\/www.blogi.pauliforma.fi\/wordpress\/wp-json\/wp\/v2\/posts\/1206\/revisions\/1220"}],"wp:attachment":[{"href":"https:\/\/www.blogi.pauliforma.fi\/wordpress\/wp-json\/wp\/v2\/media?parent=1206"}],"wp:term":[{"taxonomy":"category","embeddable":true,"href":"https:\/\/www.blogi.pauliforma.fi\/wordpress\/wp-json\/wp\/v2\/categories?post=1206"},{"taxonomy":"post_tag","embeddable":true,"href":"https:\/\/www.blogi.pauliforma.fi\/wordpress\/wp-json\/wp\/v2\/tags?post=1206"}],"curies":[{"name":"wp","href":"https:\/\/api.w.org\/{rel}","templated":true}]}}