{"id":1192,"date":"2011-03-05T08:10:36","date_gmt":"2011-03-05T06:10:36","guid":{"rendered":"http:\/\/www.blogi.pauliforma.fi\/wordpress\/?p=1192"},"modified":"2011-03-05T08:14:17","modified_gmt":"2011-03-05T06:14:17","slug":"no-niin","status":"publish","type":"post","link":"https:\/\/www.blogi.pauliforma.fi\/wordpress\/no-niin\/","title":{"rendered":"No niin"},"content":{"rendered":"<p>Se on sitten huomenna t\u00e4h\u00e4n aikaan tuntia takana hiihtoa Niinisalo-Kuninkaanl\u00e4hde-J\u00e4mi akselilla. Silloin tiedet\u00e4\u00e4n &#8220;onko kulkua&#8221; ja mik\u00e4 on suksen kunto.<\/p>\n<p><img loading=\"lazy\" decoding=\"async\" class=\"alignright\" title=\"voiteet_web\" src=\"http:\/\/www.blogi.pauliforma.fi\/wordpress\/wp-content\/uploads\/2011\/03\/voiteet_web.jpg\" alt=\"\" width=\"300\" height=\"225\" \/><\/p>\n<p>Valmistautuminen on mennyt ok, pient\u00e4 lenkkeily\u00e4 joka toinen p\u00e4iv\u00e4. K\u00e4vin jopa hieronnassa alkuviikosta, eli ote on ollut aika ammattimainen. V\u00e4h\u00e4n ostin my\u00f6s\u00a0uusia\u00a0(fluori)voiteita.<\/p>\n<p>Selk\u00e4 on v\u00e4h\u00e4n j\u00e4ykk\u00e4, mutta muuten ok. Kelist\u00e4 voi tulla <a href=\"http:\/\/www.foreca.fi\/Finland\/Tampere\">loistava<\/a>, toivottavasti ilma ei l\u00e4mpene kuitenkaan liikaa.<\/p>\n<p>Eilen tein tankkausmieless\u00e4 <em>Kanaa Madrasin tapaan <\/em><strong>Gordon Ramsayn<\/strong><em> Maailma keitti\u00f6ss\u00e4-<\/em>kirjasta<em>. <\/em>Olen viime aikoina kokeillut muutamia uusia reseptej\u00e4, t\u00e4ytyy n\u00e4ist\u00e4 laittaa juttua blogiin jossain vaiheessa jotta t\u00e4m\u00e4 puoli ei p\u00e4\u00e4se unohtumaan.<\/p>\n<p>M40 sarjassa asetelmat hiukan latistuivat eilen kun Pirkan hiihdon j\u00e4rjest\u00e4j\u00e4t\u00a0<a href=\"http:\/\/www.pirkankierros.fi\/\"> ilmoittivat <\/a><strong>Alexander Stubbin<\/strong> joutuvan j\u00e4tt\u00e4m\u00e4\u00e4n kilpailun v\u00e4liin flunssan vuoksi. Mutta n\u00e4ill\u00e4 menn\u00e4\u00e4n.<\/p>\n<p>Laaja raportti hiihdosta tulee blogiin kun ehdin ja jaksan, sunnuntai-iltana tai sitten maanantaina.<\/p>\n","protected":false},"excerpt":{"rendered":"<p>Se on sitten huomenna t\u00e4h\u00e4n aikaan tuntia takana hiihtoa Niinisalo-Kuninkaanl\u00e4hde-J\u00e4mi akselilla. Silloin tiedet\u00e4\u00e4n &#8220;onko kulkua&#8221; ja mik\u00e4 on suksen kunto. Valmistautuminen on mennyt ok, pient\u00e4 lenkkeily\u00e4 joka toinen p\u00e4iv\u00e4. K\u00e4vin jopa hieronnassa alkuviikosta, eli ote on ollut aika ammattimainen. V\u00e4h\u00e4n ostin my\u00f6s\u00a0uusia\u00a0(fluori)voiteita. Selk\u00e4 on v\u00e4h\u00e4n j\u00e4ykk\u00e4, mutta muuten ok. Kelist\u00e4 voi tulla loistava, toivottavasti ilma &hellip; <\/p>\n<p class=\"link-more\"><a href=\"https:\/\/www.blogi.pauliforma.fi\/wordpress\/no-niin\/\" class=\"more-link\">Continue reading<span class=\"screen-reader-text\"> &#8220;No niin&#8221;<\/span><\/a><\/p>\n","protected":false},"author":1,"featured_media":0,"comment_status":"open","ping_status":"closed","sticky":false,"template":"","format":"standard","meta":{"_monsterinsights_skip_tracking":false,"_monsterinsights_sitenote_active":false,"_monsterinsights_sitenote_note":"","_monsterinsights_sitenote_category":0,"footnotes":""},"categories":[33],"tags":[34],"class_list":["post-1192","post","type-post","status-publish","format-standard","hentry","category-hiihto","tag-hiihto-2"],"yoast_head":"<!-- This site is optimized with the Yoast SEO plugin v27.7 - https:\/\/yoast.com\/product\/yoast-seo-wordpress\/ -->\n<title>No niin - Pauli Forman blogi<\/title>\n<meta name=\"robots\" content=\"index, follow, max-snippet:-1, max-image-preview:large, max-video-preview:-1\" \/>\n<link rel=\"canonical\" href=\"https:\/\/www.blogi.pauliforma.fi\/wordpress\/no-niin\/\" \/>\n<meta property=\"og:locale\" content=\"en_US\" \/>\n<meta property=\"og:type\" content=\"article\" \/>\n<meta property=\"og:title\" content=\"No niin - Pauli Forman blogi\" \/>\n<meta property=\"og:description\" content=\"Se on sitten huomenna t\u00e4h\u00e4n aikaan tuntia takana hiihtoa Niinisalo-Kuninkaanl\u00e4hde-J\u00e4mi akselilla. Silloin tiedet\u00e4\u00e4n &#8220;onko kulkua&#8221; ja mik\u00e4 on suksen kunto. Valmistautuminen on mennyt ok, pient\u00e4 lenkkeily\u00e4 joka toinen p\u00e4iv\u00e4. K\u00e4vin jopa hieronnassa alkuviikosta, eli ote on ollut aika ammattimainen. V\u00e4h\u00e4n ostin my\u00f6s\u00a0uusia\u00a0(fluori)voiteita. Selk\u00e4 on v\u00e4h\u00e4n j\u00e4ykk\u00e4, mutta muuten ok. Kelist\u00e4 voi tulla loistava, toivottavasti ilma &hellip; Continue reading &quot;No niin&quot;\" \/>\n<meta property=\"og:url\" content=\"https:\/\/www.blogi.pauliforma.fi\/wordpress\/no-niin\/\" \/>\n<meta property=\"og:site_name\" content=\"Pauli Forman blogi\" \/>\n<meta property=\"article:published_time\" content=\"2011-03-05T06:10:36+00:00\" \/>\n<meta property=\"article:modified_time\" content=\"2011-03-05T06:14:17+00:00\" \/>\n<meta property=\"og:image\" content=\"http:\/\/www.blogi.pauliforma.fi\/wordpress\/wp-content\/uploads\/2011\/03\/voiteet_web.jpg\" \/>\n<meta name=\"author\" content=\"Pauli\" \/>\n<meta name=\"twitter:card\" content=\"summary_large_image\" \/>\n<meta name=\"twitter:creator\" content=\"@paufor\" \/>\n<meta name=\"twitter:site\" content=\"@paufor\" \/>\n<meta name=\"twitter:label1\" content=\"Written by\" \/>\n\t<meta name=\"twitter:data1\" content=\"Pauli\" \/>\n\t<meta name=\"twitter:label2\" content=\"Est. reading time\" \/>\n\t<meta name=\"twitter:data2\" content=\"1 minute\" \/>\n<script type=\"application\/ld+json\" class=\"yoast-schema-graph\">{\"@context\":\"https:\\\/\\\/schema.org\",\"@graph\":[{\"@type\":\"Article\",\"@id\":\"https:\\\/\\\/www.blogi.pauliforma.fi\\\/wordpress\\\/no-niin\\\/#article\",\"isPartOf\":{\"@id\":\"https:\\\/\\\/www.blogi.pauliforma.fi\\\/wordpress\\\/no-niin\\\/\"},\"author\":{\"name\":\"Pauli\",\"@id\":\"https:\\\/\\\/www.blogi.pauliforma.fi\\\/wordpress\\\/#\\\/schema\\\/person\\\/3a41b7cacf9bee4a5a755660888e98f9\"},\"headline\":\"No niin\",\"datePublished\":\"2011-03-05T06:10:36+00:00\",\"dateModified\":\"2011-03-05T06:14:17+00:00\",\"mainEntityOfPage\":{\"@id\":\"https:\\\/\\\/www.blogi.pauliforma.fi\\\/wordpress\\\/no-niin\\\/\"},\"wordCount\":158,\"commentCount\":0,\"image\":{\"@id\":\"https:\\\/\\\/www.blogi.pauliforma.fi\\\/wordpress\\\/no-niin\\\/#primaryimage\"},\"thumbnailUrl\":\"http:\\\/\\\/www.blogi.pauliforma.fi\\\/wordpress\\\/wp-content\\\/uploads\\\/2011\\\/03\\\/voiteet_web.jpg\",\"keywords\":[\"hiihto\"],\"articleSection\":[\"Hiihto\"],\"inLanguage\":\"en\",\"potentialAction\":[{\"@type\":\"CommentAction\",\"name\":\"Comment\",\"target\":[\"https:\\\/\\\/www.blogi.pauliforma.fi\\\/wordpress\\\/no-niin\\\/#respond\"]}]},{\"@type\":\"WebPage\",\"@id\":\"https:\\\/\\\/www.blogi.pauliforma.fi\\\/wordpress\\\/no-niin\\\/\",\"url\":\"https:\\\/\\\/www.blogi.pauliforma.fi\\\/wordpress\\\/no-niin\\\/\",\"name\":\"No niin - Pauli Forman blogi\",\"isPartOf\":{\"@id\":\"https:\\\/\\\/www.blogi.pauliforma.fi\\\/wordpress\\\/#website\"},\"primaryImageOfPage\":{\"@id\":\"https:\\\/\\\/www.blogi.pauliforma.fi\\\/wordpress\\\/no-niin\\\/#primaryimage\"},\"image\":{\"@id\":\"https:\\\/\\\/www.blogi.pauliforma.fi\\\/wordpress\\\/no-niin\\\/#primaryimage\"},\"thumbnailUrl\":\"http:\\\/\\\/www.blogi.pauliforma.fi\\\/wordpress\\\/wp-content\\\/uploads\\\/2011\\\/03\\\/voiteet_web.jpg\",\"datePublished\":\"2011-03-05T06:10:36+00:00\",\"dateModified\":\"2011-03-05T06:14:17+00:00\",\"author\":{\"@id\":\"https:\\\/\\\/www.blogi.pauliforma.fi\\\/wordpress\\\/#\\\/schema\\\/person\\\/3a41b7cacf9bee4a5a755660888e98f9\"},\"breadcrumb\":{\"@id\":\"https:\\\/\\\/www.blogi.pauliforma.fi\\\/wordpress\\\/no-niin\\\/#breadcrumb\"},\"inLanguage\":\"en\",\"potentialAction\":[{\"@type\":\"ReadAction\",\"target\":[\"https:\\\/\\\/www.blogi.pauliforma.fi\\\/wordpress\\\/no-niin\\\/\"]}]},{\"@type\":\"ImageObject\",\"inLanguage\":\"en\",\"@id\":\"https:\\\/\\\/www.blogi.pauliforma.fi\\\/wordpress\\\/no-niin\\\/#primaryimage\",\"url\":\"http:\\\/\\\/www.blogi.pauliforma.fi\\\/wordpress\\\/wp-content\\\/uploads\\\/2011\\\/03\\\/voiteet_web.jpg\",\"contentUrl\":\"http:\\\/\\\/www.blogi.pauliforma.fi\\\/wordpress\\\/wp-content\\\/uploads\\\/2011\\\/03\\\/voiteet_web.jpg\"},{\"@type\":\"BreadcrumbList\",\"@id\":\"https:\\\/\\\/www.blogi.pauliforma.fi\\\/wordpress\\\/no-niin\\\/#breadcrumb\",\"itemListElement\":[{\"@type\":\"ListItem\",\"position\":1,\"name\":\"Home\",\"item\":\"https:\\\/\\\/www.blogi.pauliforma.fi\\\/wordpress\\\/\"},{\"@type\":\"ListItem\",\"position\":2,\"name\":\"No niin\"}]},{\"@type\":\"WebSite\",\"@id\":\"https:\\\/\\\/www.blogi.pauliforma.fi\\\/wordpress\\\/#website\",\"url\":\"https:\\\/\\\/www.blogi.pauliforma.fi\\\/wordpress\\\/\",\"name\":\"Pauli Forman blogi\",\"description\":\"Kirjoituksia liikuntaharrastuksista\",\"potentialAction\":[{\"@type\":\"SearchAction\",\"target\":{\"@type\":\"EntryPoint\",\"urlTemplate\":\"https:\\\/\\\/www.blogi.pauliforma.fi\\\/wordpress\\\/?s={search_term_string}\"},\"query-input\":{\"@type\":\"PropertyValueSpecification\",\"valueRequired\":true,\"valueName\":\"search_term_string\"}}],\"inLanguage\":\"en\"},{\"@type\":\"Person\",\"@id\":\"https:\\\/\\\/www.blogi.pauliforma.fi\\\/wordpress\\\/#\\\/schema\\\/person\\\/3a41b7cacf9bee4a5a755660888e98f9\",\"name\":\"Pauli\",\"image\":{\"@type\":\"ImageObject\",\"inLanguage\":\"en\",\"@id\":\"https:\\\/\\\/secure.gravatar.com\\\/avatar\\\/a73a17880042594bb4df231270e6a0814ac3e2411e0db5707c24b2d4f8024b43?s=96&d=mm&r=g\",\"url\":\"https:\\\/\\\/secure.gravatar.com\\\/avatar\\\/a73a17880042594bb4df231270e6a0814ac3e2411e0db5707c24b2d4f8024b43?s=96&d=mm&r=g\",\"contentUrl\":\"https:\\\/\\\/secure.gravatar.com\\\/avatar\\\/a73a17880042594bb4df231270e6a0814ac3e2411e0db5707c24b2d4f8024b43?s=96&d=mm&r=g\",\"caption\":\"Pauli\"},\"sameAs\":[\"http:\\\/\\\/www.pauliforma.fi\"],\"url\":\"https:\\\/\\\/www.blogi.pauliforma.fi\\\/wordpress\\\/author\\\/admin\\\/\"}]}<\/script>\n<!-- \/ Yoast SEO plugin. -->","yoast_head_json":{"title":"No niin - Pauli Forman blogi","robots":{"index":"index","follow":"follow","max-snippet":"max-snippet:-1","max-image-preview":"max-image-preview:large","max-video-preview":"max-video-preview:-1"},"canonical":"https:\/\/www.blogi.pauliforma.fi\/wordpress\/no-niin\/","og_locale":"en_US","og_type":"article","og_title":"No niin - Pauli Forman blogi","og_description":"Se on sitten huomenna t\u00e4h\u00e4n aikaan tuntia takana hiihtoa Niinisalo-Kuninkaanl\u00e4hde-J\u00e4mi akselilla. Silloin tiedet\u00e4\u00e4n &#8220;onko kulkua&#8221; ja mik\u00e4 on suksen kunto. Valmistautuminen on mennyt ok, pient\u00e4 lenkkeily\u00e4 joka toinen p\u00e4iv\u00e4. K\u00e4vin jopa hieronnassa alkuviikosta, eli ote on ollut aika ammattimainen. V\u00e4h\u00e4n ostin my\u00f6s\u00a0uusia\u00a0(fluori)voiteita. Selk\u00e4 on v\u00e4h\u00e4n j\u00e4ykk\u00e4, mutta muuten ok. Kelist\u00e4 voi tulla loistava, toivottavasti ilma &hellip; Continue reading \"No niin\"","og_url":"https:\/\/www.blogi.pauliforma.fi\/wordpress\/no-niin\/","og_site_name":"Pauli Forman blogi","article_published_time":"2011-03-05T06:10:36+00:00","article_modified_time":"2011-03-05T06:14:17+00:00","og_image":[{"url":"http:\/\/www.blogi.pauliforma.fi\/wordpress\/wp-content\/uploads\/2011\/03\/voiteet_web.jpg","type":"","width":"","height":""}],"author":"Pauli","twitter_card":"summary_large_image","twitter_creator":"@paufor","twitter_site":"@paufor","twitter_misc":{"Written by":"Pauli","Est. reading time":"1 minute"},"schema":{"@context":"https:\/\/schema.org","@graph":[{"@type":"Article","@id":"https:\/\/www.blogi.pauliforma.fi\/wordpress\/no-niin\/#article","isPartOf":{"@id":"https:\/\/www.blogi.pauliforma.fi\/wordpress\/no-niin\/"},"author":{"name":"Pauli","@id":"https:\/\/www.blogi.pauliforma.fi\/wordpress\/#\/schema\/person\/3a41b7cacf9bee4a5a755660888e98f9"},"headline":"No niin","datePublished":"2011-03-05T06:10:36+00:00","dateModified":"2011-03-05T06:14:17+00:00","mainEntityOfPage":{"@id":"https:\/\/www.blogi.pauliforma.fi\/wordpress\/no-niin\/"},"wordCount":158,"commentCount":0,"image":{"@id":"https:\/\/www.blogi.pauliforma.fi\/wordpress\/no-niin\/#primaryimage"},"thumbnailUrl":"http:\/\/www.blogi.pauliforma.fi\/wordpress\/wp-content\/uploads\/2011\/03\/voiteet_web.jpg","keywords":["hiihto"],"articleSection":["Hiihto"],"inLanguage":"en","potentialAction":[{"@type":"CommentAction","name":"Comment","target":["https:\/\/www.blogi.pauliforma.fi\/wordpress\/no-niin\/#respond"]}]},{"@type":"WebPage","@id":"https:\/\/www.blogi.pauliforma.fi\/wordpress\/no-niin\/","url":"https:\/\/www.blogi.pauliforma.fi\/wordpress\/no-niin\/","name":"No niin - Pauli Forman blogi","isPartOf":{"@id":"https:\/\/www.blogi.pauliforma.fi\/wordpress\/#website"},"primaryImageOfPage":{"@id":"https:\/\/www.blogi.pauliforma.fi\/wordpress\/no-niin\/#primaryimage"},"image":{"@id":"https:\/\/www.blogi.pauliforma.fi\/wordpress\/no-niin\/#primaryimage"},"thumbnailUrl":"http:\/\/www.blogi.pauliforma.fi\/wordpress\/wp-content\/uploads\/2011\/03\/voiteet_web.jpg","datePublished":"2011-03-05T06:10:36+00:00","dateModified":"2011-03-05T06:14:17+00:00","author":{"@id":"https:\/\/www.blogi.pauliforma.fi\/wordpress\/#\/schema\/person\/3a41b7cacf9bee4a5a755660888e98f9"},"breadcrumb":{"@id":"https:\/\/www.blogi.pauliforma.fi\/wordpress\/no-niin\/#breadcrumb"},"inLanguage":"en","potentialAction":[{"@type":"ReadAction","target":["https:\/\/www.blogi.pauliforma.fi\/wordpress\/no-niin\/"]}]},{"@type":"ImageObject","inLanguage":"en","@id":"https:\/\/www.blogi.pauliforma.fi\/wordpress\/no-niin\/#primaryimage","url":"http:\/\/www.blogi.pauliforma.fi\/wordpress\/wp-content\/uploads\/2011\/03\/voiteet_web.jpg","contentUrl":"http:\/\/www.blogi.pauliforma.fi\/wordpress\/wp-content\/uploads\/2011\/03\/voiteet_web.jpg"},{"@type":"BreadcrumbList","@id":"https:\/\/www.blogi.pauliforma.fi\/wordpress\/no-niin\/#breadcrumb","itemListElement":[{"@type":"ListItem","position":1,"name":"Home","item":"https:\/\/www.blogi.pauliforma.fi\/wordpress\/"},{"@type":"ListItem","position":2,"name":"No niin"}]},{"@type":"WebSite","@id":"https:\/\/www.blogi.pauliforma.fi\/wordpress\/#website","url":"https:\/\/www.blogi.pauliforma.fi\/wordpress\/","name":"Pauli Forman blogi","description":"Kirjoituksia liikuntaharrastuksista","potentialAction":[{"@type":"SearchAction","target":{"@type":"EntryPoint","urlTemplate":"https:\/\/www.blogi.pauliforma.fi\/wordpress\/?s={search_term_string}"},"query-input":{"@type":"PropertyValueSpecification","valueRequired":true,"valueName":"search_term_string"}}],"inLanguage":"en"},{"@type":"Person","@id":"https:\/\/www.blogi.pauliforma.fi\/wordpress\/#\/schema\/person\/3a41b7cacf9bee4a5a755660888e98f9","name":"Pauli","image":{"@type":"ImageObject","inLanguage":"en","@id":"https:\/\/secure.gravatar.com\/avatar\/a73a17880042594bb4df231270e6a0814ac3e2411e0db5707c24b2d4f8024b43?s=96&d=mm&r=g","url":"https:\/\/secure.gravatar.com\/avatar\/a73a17880042594bb4df231270e6a0814ac3e2411e0db5707c24b2d4f8024b43?s=96&d=mm&r=g","contentUrl":"https:\/\/secure.gravatar.com\/avatar\/a73a17880042594bb4df231270e6a0814ac3e2411e0db5707c24b2d4f8024b43?s=96&d=mm&r=g","caption":"Pauli"},"sameAs":["http:\/\/www.pauliforma.fi"],"url":"https:\/\/www.blogi.pauliforma.fi\/wordpress\/author\/admin\/"}]}},"_links":{"self":[{"href":"https:\/\/www.blogi.pauliforma.fi\/wordpress\/wp-json\/wp\/v2\/posts\/1192","targetHints":{"allow":["GET"]}}],"collection":[{"href":"https:\/\/www.blogi.pauliforma.fi\/wordpress\/wp-json\/wp\/v2\/posts"}],"about":[{"href":"https:\/\/www.blogi.pauliforma.fi\/wordpress\/wp-json\/wp\/v2\/types\/post"}],"author":[{"embeddable":true,"href":"https:\/\/www.blogi.pauliforma.fi\/wordpress\/wp-json\/wp\/v2\/users\/1"}],"replies":[{"embeddable":true,"href":"https:\/\/www.blogi.pauliforma.fi\/wordpress\/wp-json\/wp\/v2\/comments?post=1192"}],"version-history":[{"count":4,"href":"https:\/\/www.blogi.pauliforma.fi\/wordpress\/wp-json\/wp\/v2\/posts\/1192\/revisions"}],"predecessor-version":[{"id":1196,"href":"https:\/\/www.blogi.pauliforma.fi\/wordpress\/wp-json\/wp\/v2\/posts\/1192\/revisions\/1196"}],"wp:attachment":[{"href":"https:\/\/www.blogi.pauliforma.fi\/wordpress\/wp-json\/wp\/v2\/media?parent=1192"}],"wp:term":[{"taxonomy":"category","embeddable":true,"href":"https:\/\/www.blogi.pauliforma.fi\/wordpress\/wp-json\/wp\/v2\/categories?post=1192"},{"taxonomy":"post_tag","embeddable":true,"href":"https:\/\/www.blogi.pauliforma.fi\/wordpress\/wp-json\/wp\/v2\/tags?post=1192"}],"curies":[{"name":"wp","href":"https:\/\/api.w.org\/{rel}","templated":true}]}}